{"id":1038,"date":"2020-04-20T18:22:47","date_gmt":"2020-04-20T16:22:47","guid":{"rendered":"https:\/\/blog.intef.es\/alboran\/?p=1038"},"modified":"2021-06-04T12:39:09","modified_gmt":"2021-06-04T10:39:09","slug":"ies-bachillerato-de-adultos-nocturno-y-a-distancia-matriculacion-y-documentacion","status":"publish","type":"post","link":"https:\/\/blog.intef.es\/alboran\/2020\/04\/20\/ies-bachillerato-de-adultos-nocturno-y-a-distancia-matriculacion-y-documentacion\/","title":{"rendered":"IES: Bachillerato para personas adultas (Nocturno y A distancia), matriculaci\u00f3n y documentaci\u00f3n"},"content":{"rendered":"<p>Desde el 20 de abril de 2019, Albor\u00e1n incorpora mejoras para facilitar la matr\u00edcula de estudiantes en bachillerato\u00a0para personas adultas.<\/p>\n<p>Se ha a\u00f1adido facilidades para la matriculaci\u00f3n, nueva programaci\u00f3n para el c\u00e1lculo de las notas medias y nueva documentaci\u00f3n espec\u00edfica para generar certificados gen\u00e9ricos.<\/p>\n<p>En especial, se ha a\u00f1adido:<\/p>\n<ul>\n<li>integraci\u00f3n de las matr\u00edculas en r\u00e9gimen Nocturno y A distancia para el c\u00f3mputo de la nota media y la generaci\u00f3n de certificados.<\/li>\n<li>la posibilidad de a\u00f1adir a la matr\u00edcula las materias cursadas en en r\u00e9gimen presencial,<\/li>\n<li>la posibilidad de excluir materias cursadas calific\u00e1ndolas con una calificaci\u00f3n de Exclusi\u00f3n (E0, E1, E2, &#8230;, E9, EA, EN (NP) &#8230;) que elimina las materias del c\u00f3mputo de la nota media, pero no las elimina de la documentaci\u00f3n acad\u00e9mica,<\/li>\n<li>nueva documentaci\u00f3n de certificaci\u00f3n gen\u00e9rica para bachillerato de personas adultas y<\/li>\n<li>mejoras en el historial acad\u00e9mico para que refleje el r\u00e9gimen cursado\u00a0en cada matr\u00edcula y materia.<\/li>\n<\/ul>\n<p><a href=\"https:\/\/blog.intef.es\/alboran\/wp-content\/uploads\/2021\/05\/Instrucciones-matricula-certificaciones-bach-distancia-nocturno-r210528.pdf\" target=\"_blank\">Instrucciones matriculaci\u00f3n bachillerato personas adultas y documentaci\u00f3n (pdf)<\/a><\/p>\n<p>Para la reconstrucci\u00f3n de expediente completando su matr\u00edcula en el centro, pueden utilizarse las herramientas que se detallan en el siguiente art\u00edculo.<\/p>\n<p>https:\/\/blog.intef.es\/alboran\/2020\/04\/30\/ies-historial-academico-de-matriculaciones-y-materias\/<\/p>\n<p>&nbsp;<\/p>\n<p>&nbsp;<\/p>\n","protected":false},"excerpt":{"rendered":"<p>Desde el 20 de abril de 2019, Albor\u00e1n incorpora mejoras para facilitar la matr\u00edcula de estudiantes en bachillerato\u00a0para personas adultas. Se ha a\u00f1adido facilidades para la matriculaci\u00f3n, nueva programaci\u00f3n para el c\u00e1lculo de las notas medias y nueva documentaci\u00f3n espec\u00edfica&hellip;<\/p>\n<p class=\"more-link-p\"><a class=\"more-link\" target=\"blank\" href=\"https:\/\/blog.intef.es\/alboran\/2020\/04\/20\/ies-bachillerato-de-adultos-nocturno-y-a-distancia-matriculacion-y-documentacion\/\">Leer m\u00e1s &rarr;<\/a><\/p>\n","protected":false},"author":302,"featured_media":0,"comment_status":"open","ping_status":"open","sticky":false,"template":"","format":"standard","meta":{"footnotes":""},"categories":[2,66],"tags":[118,122,121,120,119],"_links":{"self":[{"href":"https:\/\/blog.intef.es\/alboran\/wp-json\/wp\/v2\/posts\/1038"}],"collection":[{"href":"https:\/\/blog.intef.es\/alboran\/wp-json\/wp\/v2\/posts"}],"about":[{"href":"https:\/\/blog.intef.es\/alboran\/wp-json\/wp\/v2\/types\/post"}],"author":[{"embeddable":true,"href":"https:\/\/blog.intef.es\/alboran\/wp-json\/wp\/v2\/users\/302"}],"replies":[{"embeddable":true,"href":"https:\/\/blog.intef.es\/alboran\/wp-json\/wp\/v2\/comments?post=1038"}],"version-history":[{"count":12,"href":"https:\/\/blog.intef.es\/alboran\/wp-json\/wp\/v2\/posts\/1038\/revisions"}],"predecessor-version":[{"id":1396,"href":"https:\/\/blog.intef.es\/alboran\/wp-json\/wp\/v2\/posts\/1038\/revisions\/1396"}],"wp:attachment":[{"href":"https:\/\/blog.intef.es\/alboran\/wp-json\/wp\/v2\/media?parent=1038"}],"wp:term":[{"taxonomy":"category","embeddable":true,"href":"https:\/\/blog.intef.es\/alboran\/wp-json\/wp\/v2\/categories?post=1038"},{"taxonomy":"post_tag","embeddable":true,"href":"https:\/\/blog.intef.es\/alboran\/wp-json\/wp\/v2\/tags?post=1038"}],"curies":[{"name":"wp","href":"https:\/\/api.w.org\/{rel}","templated":true}]}}