{"id":1053,"date":"2020-04-27T17:41:10","date_gmt":"2020-04-27T15:41:10","guid":{"rendered":"https:\/\/blog.intef.es\/alboran\/?p=1053"},"modified":"2024-06-26T15:01:09","modified_gmt":"2024-06-26T13:01:09","slug":"instrucciones-sobre-adaptaciones-de-planes-de-estudios-de-ciclos-formativos-de-fp","status":"publish","type":"post","link":"https:\/\/blog.intef.es\/alboran\/2020\/04\/27\/instrucciones-sobre-adaptaciones-de-planes-de-estudios-de-ciclos-formativos-de-fp\/","title":{"rendered":"Instrucciones sobre adaptaciones de planes de estudios de ciclos formativos de FP"},"content":{"rendered":"<p>Albor\u00e1n gestiona centros formativos que est\u00e1n autorizados para cursar los estudios de ciclos formativos de formaci\u00f3n profesional de manera distinta a c\u00f3mo se especifica en el curr\u00edculo de cada uno de los estudios publicado por el Ministerio de Educaci\u00f3n, que en general consta de dos cursos, 1\u00ba y 2\u00ba.<\/p>\n<p>Hay organizaciones de estos estudios en los que los m\u00f3dulos profesionales se cursan distribuidos entre 1\u00ba y 2 \u00ba curso de manera diferente a la oficial, y otras en los que los m\u00f3dulos se distribuyen en tres cursos (1\u00ba, 2\u00ba y 3\u00ba). Tambi\u00e9n se dan situaciones en las que de un curso para el siguiente cambian la organizaci\u00f3n.<\/p>\n<p>En el siguiente documento se dan instrucciones sobre c\u00f3mo hacer adaptaciones a los planes.<\/p>\n<p>Importante: para el curso 2024\/2025 se han cargado los planes de estudios de los nuevos t\u00edtulos de FP. <a href=\"https:\/\/blog.intef.es\/alboran\/2024\/06\/21\/nuevos-estudios-de-fp-real-decreto-659-2023-de-18-de-julio\/\" target=\"_blank\" rel=\"noopener\">Instrucciones para revisar los planes de cada centro.<\/a><\/p>\n<p><a href=\"https:\/\/blog.intef.es\/alboran\/wp-content\/uploads\/2020\/04\/Instrucciones-adaptaci\u00f3n-planes-estudio-de-FP.pdf\" target=\"_blank\" rel=\"noopener\">Instrucciones adaptaci\u00f3n planes estudio de FP.pdf<\/a><\/p>\n<p>&nbsp;<\/p>\n","protected":false},"excerpt":{"rendered":"<p>Albor\u00e1n gestiona centros formativos que est\u00e1n autorizados para cursar los estudios de ciclos formativos de formaci\u00f3n profesional de manera distinta a c\u00f3mo se especifica en el curr\u00edculo de cada uno de los estudios publicado por el Ministerio de Educaci\u00f3n, que&hellip;<\/p>\n<p class=\"more-link-p\"><a class=\"more-link\" target=\"blank\" href=\"https:\/\/blog.intef.es\/alboran\/2020\/04\/27\/instrucciones-sobre-adaptaciones-de-planes-de-estudios-de-ciclos-formativos-de-fp\/\">Leer m\u00e1s &rarr;<\/a><\/p>\n","protected":false},"author":302,"featured_media":0,"comment_status":"open","ping_status":"open","sticky":false,"template":"","format":"standard","meta":{"footnotes":""},"categories":[2,4,66],"tags":[124,125,127,126,123],"_links":{"self":[{"href":"https:\/\/blog.intef.es\/alboran\/wp-json\/wp\/v2\/posts\/1053"}],"collection":[{"href":"https:\/\/blog.intef.es\/alboran\/wp-json\/wp\/v2\/posts"}],"about":[{"href":"https:\/\/blog.intef.es\/alboran\/wp-json\/wp\/v2\/types\/post"}],"author":[{"embeddable":true,"href":"https:\/\/blog.intef.es\/alboran\/wp-json\/wp\/v2\/users\/302"}],"replies":[{"embeddable":true,"href":"https:\/\/blog.intef.es\/alboran\/wp-json\/wp\/v2\/comments?post=1053"}],"version-history":[{"count":3,"href":"https:\/\/blog.intef.es\/alboran\/wp-json\/wp\/v2\/posts\/1053\/revisions"}],"predecessor-version":[{"id":2178,"href":"https:\/\/blog.intef.es\/alboran\/wp-json\/wp\/v2\/posts\/1053\/revisions\/2178"}],"wp:attachment":[{"href":"https:\/\/blog.intef.es\/alboran\/wp-json\/wp\/v2\/media?parent=1053"}],"wp:term":[{"taxonomy":"category","embeddable":true,"href":"https:\/\/blog.intef.es\/alboran\/wp-json\/wp\/v2\/categories?post=1053"},{"taxonomy":"post_tag","embeddable":true,"href":"https:\/\/blog.intef.es\/alboran\/wp-json\/wp\/v2\/tags?post=1053"}],"curies":[{"name":"wp","href":"https:\/\/api.w.org\/{rel}","templated":true}]}}