{"id":115,"date":"2016-07-14T10:50:04","date_gmt":"2016-07-14T10:50:04","guid":{"rendered":"http:\/\/pruebas-1.pntic.mec.es\/multiblog\/alboran\/?p=115"},"modified":"2023-10-11T13:08:24","modified_gmt":"2023-10-11T11:08:24","slug":"como-asignar-evaluacion-de-pendientes-al-profesor","status":"publish","type":"post","link":"https:\/\/blog.intef.es\/alboran\/2016\/07\/14\/como-asignar-evaluacion-de-pendientes-al-profesor\/","title":{"rendered":"IES: C\u00f3mo asignar evaluaci\u00f3n de materias pendientes al profesor"},"content":{"rendered":"<p>Para que un profesor pueda evaluar <span style=\"color: #3366ff\"><strong>materias pendientes del curso anterior<\/strong><\/span> deben cumplirse dos condiciones:<\/p>\n<ol>\n<li>Que el centro autorice a los profesores a evaluar. Para ello deben configurarse los permisos en el men\u00fa de la aplicaci\u00f3n:<\/li>\n<\/ol>\n<p style=\"padding-left: 30px\"><span style=\"color: #3366ff\"><a style=\"color: #3366ff\" href=\"http:\/\/lrto7prointef01.educacion.gob.es:8080\/alboran\/ies\/centro\/estudiosEvaluacion?actual=menu.ies.configuracion.profesorado.evaluacion.estudios#\"><strong>Configuraci\u00f3n<\/strong><\/a><\/span><\/p>\n<p style=\"padding-left: 60px\"><span style=\"color: #3366ff\"><a style=\"color: #3366ff\" href=\"http:\/\/lrto7prointef01.educacion.gob.es:8080\/alboran\/ies\/centro\/estudiosEvaluacion?actual=menu.ies.configuracion.profesorado.evaluacion.estudios#\"><strong>Profesorado<\/strong><\/a><\/span><\/p>\n<p style=\"padding-left: 90px\"><span style=\"color: #3366ff\"><a style=\"color: #3366ff\" href=\"http:\/\/lrto7prointef01.educacion.gob.es:8080\/alboran\/ies\/centro\/estudiosEvaluacion?actual=menu.ies.configuracion.profesorado.evaluacion.estudios#\"><strong>Evaluaci\u00f3n<\/strong><\/a><\/span><\/p>\n<p style=\"padding-left: 120px\"><span style=\"color: #3366ff\"><a style=\"color: #3366ff\" href=\"http:\/\/lrto7prointef01.educacion.gob.es:8080\/alboran\/ies\/centro\/estudiosEvaluacion?actual=menu.ies.configuracion.profesorado.evaluacion.estudios\"><strong>Evaluaci\u00f3n de pendientes<\/strong><\/a><\/span><\/p>\n<p>2.\u00a0Que el profesor tenga la materias asignadas en su configuraci\u00f3n en el apartado <span style=\"color: #3366ff\"><strong>materias impartidas\u00a0<span style=\"color: #3366ff\">(pendientes y\/o bachillerato nocturno)<\/span>\u00a0<\/strong><\/span>. No basta con ser Jefe de Departamento para activar esta posibilidad.<\/p>\n<p>Seleccionamos el profesor y vamos al apartado materias impartidas.<\/p>\n<p>En el <span style=\"color: #ff0000\"><span style=\"color: #333333\">apartado<\/span> <span style=\"color: #3366ff\"><strong>Materias impartidas (pendientes y\/o bachillerato nocturno)<\/strong><\/span><\/span><span style=\"color: #3366ff\"><strong>\u00a0<\/strong><\/span>a\u00f1adir:<\/p>\n<p>En este apartado la aplicaci\u00f3n precisa que se elija <span style=\"color: #3366ff\"><strong>Estudios,\u00a0Curso,\u00a0Tipo Matr. y\u00a0Turno<\/strong><\/span>. Una vez elegidos en el desplegable de <span style=\"color: #3366ff\"><strong>materias<\/strong> <\/span>aparecer\u00e1n las materias \u00ab<span style=\"color: #3366ff\"><strong>pendientes de curso anterior<\/strong><\/span>\u00bb que tengan los alumnos en su matricula. Estas materias deber\u00e1n formar parte de la matr\u00edcula de estudios de cursos superiores al seleccionado.<\/p>\n<p>Ejemplos:<\/p>\n<ul>\n<li>Si se elige 1\u00ba de un bachillerato, en el desplegable de materias estar\u00e1n las materias pendientes del curso anterior de alumnos matriculados en 2\u00ba.<\/li>\n<li>Si se elige 2\u00ba de un bachillerato, en el desplegable de materias\u00a0no habr\u00e1 materias.<\/li>\n<li>Si se elige 1\u00ba de ESO, en el desplegable de materias estar\u00e1n las materias pendientes del curso anterior de alumnos matriculados en 2\u00ba, 3\u00ba y 4.<\/li>\n<li>Si se elige 2\u00ba de ESO, en el desplegable de materias\u00a0estar\u00e1n las materias pendientes del curso anterior de alumnos matriculados en 3\u00ba y 4.<\/li>\n<li>Si se elige 3\u00ba de\u00a0ESO, en el desplegable de materias\u00a0estar\u00e1n las materias pendientes del curso anterior de alumnos matriculados en 4.<\/li>\n<li>Si se elige 4\u00ba de\u00a0ESO, en el desplegable de materias\u00a0no habr\u00e1 materias.<\/li>\n<\/ul>\n<p>En el desplegable de materias se busca la combinaci\u00f3n de curso y materia que se quiera asignar al profesor<\/p>\n<p>Pulsamos guardar.<\/p>\n<p>Ya estar\u00eda incluida y podr\u00eda evaluarla.<\/p>\n","protected":false},"excerpt":{"rendered":"<p>Para que un profesor pueda evaluar materias pendientes del curso anterior deben cumplirse dos condiciones: Que el centro autorice a los profesores a evaluar. Para ello deben configurarse los permisos en el men\u00fa de la aplicaci\u00f3n: Configuraci\u00f3n Profesorado Evaluaci\u00f3n Evaluaci\u00f3n&hellip;<\/p>\n<p class=\"more-link-p\"><a class=\"more-link\" target=\"blank\" href=\"https:\/\/blog.intef.es\/alboran\/2016\/07\/14\/como-asignar-evaluacion-de-pendientes-al-profesor\/\">Leer m\u00e1s &rarr;<\/a><\/p>\n","protected":false},"author":6,"featured_media":0,"comment_status":"closed","ping_status":"open","sticky":false,"template":"","format":"standard","meta":{"footnotes":""},"categories":[66],"tags":[14,31,48,327,50],"_links":{"self":[{"href":"https:\/\/blog.intef.es\/alboran\/wp-json\/wp\/v2\/posts\/115"}],"collection":[{"href":"https:\/\/blog.intef.es\/alboran\/wp-json\/wp\/v2\/posts"}],"about":[{"href":"https:\/\/blog.intef.es\/alboran\/wp-json\/wp\/v2\/types\/post"}],"author":[{"embeddable":true,"href":"https:\/\/blog.intef.es\/alboran\/wp-json\/wp\/v2\/users\/6"}],"replies":[{"embeddable":true,"href":"https:\/\/blog.intef.es\/alboran\/wp-json\/wp\/v2\/comments?post=115"}],"version-history":[{"count":8,"href":"https:\/\/blog.intef.es\/alboran\/wp-json\/wp\/v2\/posts\/115\/revisions"}],"predecessor-version":[{"id":2008,"href":"https:\/\/blog.intef.es\/alboran\/wp-json\/wp\/v2\/posts\/115\/revisions\/2008"}],"wp:attachment":[{"href":"https:\/\/blog.intef.es\/alboran\/wp-json\/wp\/v2\/media?parent=115"}],"wp:term":[{"taxonomy":"category","embeddable":true,"href":"https:\/\/blog.intef.es\/alboran\/wp-json\/wp\/v2\/categories?post=115"},{"taxonomy":"post_tag","embeddable":true,"href":"https:\/\/blog.intef.es\/alboran\/wp-json\/wp\/v2\/tags?post=115"}],"curies":[{"name":"wp","href":"https:\/\/api.w.org\/{rel}","templated":true}]}}