{"id":1162,"date":"2020-06-22T09:29:35","date_gmt":"2020-06-22T07:29:35","guid":{"rendered":"https:\/\/blog.intef.es\/alboran\/?p=1162"},"modified":"2024-11-18T10:27:15","modified_gmt":"2024-11-18T09:27:15","slug":"alboran-para-familias-y-alumnado","status":"publish","type":"post","link":"https:\/\/blog.intef.es\/alboran\/2020\/06\/22\/alboran-para-familias-y-alumnado\/","title":{"rendered":"Albor\u00e1n para familias y alumnado"},"content":{"rendered":"<p><strong><span style=\"color: #ff0000;\"><em>IMPORTANTE: Desde septiembre de 2024 la gesti\u00f3n educativa y acad\u00e9mica de los centros de infantil y primaria (CEIP) se realiza con la aplicaci\u00f3n FENICIA, por lo que estos centros deber\u00e1n seguir las instrucciones y documentaci\u00f3n de ayuda facilitada por los responsables de esa aplicaci\u00f3n.<\/em><\/span><\/strong><\/p>\n<p>Albor\u00e1n es una plataforma de uso exclusivo por profesores y personal administrativo de los centros educativos y de la administraci\u00f3n.<\/p>\n<p>El acceso a datos registrados en Albor\u00e1n de inter\u00e9s para las familias y el alumnado como<\/p>\n<ul>\n<li>consulta de calificaciones en las distintas evaluaciones<\/li>\n<li>faltas de asistencia (en primaria y secundaria)\u00a0 e incidencias (solo en secundaria)\u00a0<span style=\"color: #3366ff;\"><strong>(novedad diciembre 2020)<\/strong><\/span><\/li>\n<li>procesos de admisi\u00f3n<\/li>\n<li>procesos de matriculaci\u00f3n<\/li>\n<\/ul>\n<p>deben realizarse a trav\u00e9s de la <a href=\"https:\/\/sede.educacion.gob.es\/portada.html\" target=\"_blank\" rel=\"noopener\">sede electr\u00f3nica del Ministerio de Educaci\u00f3n<\/a>. Todos los problemas de olvido de contrase\u00f1a deben resolverse en la p\u00e1gina<a href=\"https:\/\/sede.educacion.gob.es\/sede\/incidenciasAcceso\/muestraInicioIncidenciaAcceso.jjsp\" target=\"_blank\" rel=\"noopener\"> incidencias de acceso de sede electr\u00f3nica del Ministerio de Educaci\u00f3n.<\/a><\/p>\n<p>Por ejemplo, para la <a href=\"https:\/\/blog.intef.es\/alboran\/2019\/01\/09\/consulta-de-datos-mediante-sede-electronica\/\" target=\"_blank\" rel=\"noopener\">consulta de calificaciones<\/a> se ha editado un <a href=\"https:\/\/blog.intef.es\/alboran\/2019\/01\/09\/consulta-de-datos-mediante-sede-electronica\/\">art\u00edculo en este blog<\/a>\u00a0 en el que se explica c\u00f3mo acceder y las condiciones que se deben cumplir.<\/p>\n<p>El proceso general de consulta a trav\u00e9s de sede electr\u00f3nica se inicia con el<a href=\"https:\/\/sede.educacion.gob.es\/sede\/login\/inicio.jjsp?iA=no\" target=\"_blank\" rel=\"noopener\"> buscador de tr\u00e1mites<\/a>\u00a0donde se introducir\u00e1n palabras o frases para buscar como \u00abcalificaciones\u00bb, \u00abadmisi\u00f3n de alumnos\u00bb, \u00abadmisi\u00f3n de ciclos formativos\u00bb, \u00abadmisi\u00f3n en FP\u00bb, \u00abadmisi\u00f3n en FP a distancia\u00bb,\u00a0 &#8230; Si no se encontrase el tr\u00e1mite buscado, debe dirigirse al centro educativo o a la direcci\u00f3n provincial para recavar informaci\u00f3n.<\/p>\n<p>El usuario que hace la consulta a trav\u00e9s de sede electr\u00f3nica se identifica en ella con un documento de identidad, que deber\u00e1 coincidir exactamente con el documento del familiar registrado en el expediente del\u00a0estudiante del que se quieren consultar datos, o con el del\u00a0estudiante mayor de edad que quiere hacer la consulta o tr\u00e1mite.<\/p>\n<p>Si eres un profesor de un centro o personal de la administraci\u00f3n educativa, y tienes problemas de acceso a la aplicaci\u00f3n, <a href=\"https:\/\/blog.intef.es\/alboran\/2017\/10\/23\/reiniciar-contrasena\/\">debes consultar este art\u00edculo<\/a>.<\/p>\n","protected":false},"excerpt":{"rendered":"<p>IMPORTANTE: Desde septiembre de 2024 la gesti\u00f3n educativa y acad\u00e9mica de los centros de infantil y primaria (CEIP) se realiza con la aplicaci\u00f3n FENICIA, por lo que estos centros deber\u00e1n seguir las instrucciones y documentaci\u00f3n de ayuda facilitada por los&hellip;<\/p>\n<p class=\"more-link-p\"><a class=\"more-link\" target=\"blank\" href=\"https:\/\/blog.intef.es\/alboran\/2020\/06\/22\/alboran-para-familias-y-alumnado\/\">Leer m\u00e1s &rarr;<\/a><\/p>\n","protected":false},"author":302,"featured_media":0,"comment_status":"open","ping_status":"open","sticky":false,"template":"","format":"standard","meta":{"footnotes":""},"categories":[2,66],"tags":[74,148,16,147,161,146,188,86,138],"_links":{"self":[{"href":"https:\/\/blog.intef.es\/alboran\/wp-json\/wp\/v2\/posts\/1162"}],"collection":[{"href":"https:\/\/blog.intef.es\/alboran\/wp-json\/wp\/v2\/posts"}],"about":[{"href":"https:\/\/blog.intef.es\/alboran\/wp-json\/wp\/v2\/types\/post"}],"author":[{"embeddable":true,"href":"https:\/\/blog.intef.es\/alboran\/wp-json\/wp\/v2\/users\/302"}],"replies":[{"embeddable":true,"href":"https:\/\/blog.intef.es\/alboran\/wp-json\/wp\/v2\/comments?post=1162"}],"version-history":[{"count":9,"href":"https:\/\/blog.intef.es\/alboran\/wp-json\/wp\/v2\/posts\/1162\/revisions"}],"predecessor-version":[{"id":2235,"href":"https:\/\/blog.intef.es\/alboran\/wp-json\/wp\/v2\/posts\/1162\/revisions\/2235"}],"wp:attachment":[{"href":"https:\/\/blog.intef.es\/alboran\/wp-json\/wp\/v2\/media?parent=1162"}],"wp:term":[{"taxonomy":"category","embeddable":true,"href":"https:\/\/blog.intef.es\/alboran\/wp-json\/wp\/v2\/categories?post=1162"},{"taxonomy":"post_tag","embeddable":true,"href":"https:\/\/blog.intef.es\/alboran\/wp-json\/wp\/v2\/tags?post=1162"}],"curies":[{"name":"wp","href":"https:\/\/api.w.org\/{rel}","templated":true}]}}