{"id":1181,"date":"2020-06-24T16:20:02","date_gmt":"2020-06-24T14:20:02","guid":{"rendered":"https:\/\/blog.intef.es\/alboran\/?p=1181"},"modified":"2023-12-20T08:33:12","modified_gmt":"2023-12-20T07:33:12","slug":"ceip-proceso-de-evaluacion-en-primaria-decision-de-promocion","status":"publish","type":"post","link":"https:\/\/blog.intef.es\/alboran\/2020\/06\/24\/ceip-proceso-de-evaluacion-en-primaria-decision-de-promocion\/","title":{"rendered":"CEIP: Proceso de evaluaci\u00f3n en primaria, decisi\u00f3n de promoci\u00f3n"},"content":{"rendered":"<p>Contenido:<br \/>\n<a href=\"#ordinarias\">Las evaluaciones ordinarias<\/a><\/p>\n<p><a href=\"#calificaciones\">Calificaciones<\/a><\/p>\n<p><a href=\"#finalordinaria\">La evaluaci\u00f3n final ordinaria<\/a><\/p>\n<p><a href=\"#decisionpromocion\">La decisi\u00f3n de promoci\u00f3n<\/a><\/p>\n<p><a href=\"#finalextraordinaria\">La evaluaci\u00f3n extraordinaria o de materias pendientes<\/a><\/p>\n<p><a href=\"#historial\">El historial acad\u00e9mico<\/a><\/p>\n<h2 id=\"ordinarias\">Las evaluaciones ordinarias<\/h2>\n<p>Las evaluaciones ordinarias se realizan a lo largo del curso coincidiendo con el final de cada periodo de evaluaci\u00f3n (1\u00aa, 2\u00aa, 3\u00aa y\/o Final).<\/p>\n<p>El registro de las calificaciones puede realizarse <span style=\"color: #3366ff\"><strong>para todo un grupo de alumnos<\/strong><\/span> a trav\u00e9s de las funciones<\/p>\n<ul>\n<li>Evaluaci\u00f3n\u00a0&gt;\u00a0Conocimientos por materia<\/li>\n<li>Evaluaci\u00f3n\u00a0&gt;\u00a0Conocimientos por grupo<\/li>\n<\/ul>\n<p>Tambi\u00e9n puede realizarse\u00a0<strong><span style=\"color: #3366ff\">individualmente<\/span><\/strong>, seleccionando un alumno, su matr\u00edcula en el curso actual, y la evaluaci\u00f3n correspondiente.<\/p>\n<h2 id=\"calificaciones\">Calificaciones<\/h2>\n<p>En los distintos formularios para registrar calificaciones pueden utilizarse los siguientes valores num\u00e9ricos:<\/p>\n<p>Estudios LOMCE:<\/p>\n<p style=\"padding-left: 30px\">Insuficiente: <strong>1, 2, 3 o 4<\/strong>.\u00a0Suficiente: <strong>5<\/strong>.\u00a0Bien: <strong>6<\/strong>.\u00a0Notable: <strong>7 u 8<\/strong>.\u00a0Sobresaliente: <strong>9 o 10<\/strong>.<\/p>\n<p style=\"padding-left: 30px\">Adem\u00e1s tambi\u00e9n pueden emplearse los valores <strong>M9<\/strong> para 9 con Menci\u00f3n Honor\u00edfia y <strong>ME<\/strong> para 10 con Menci\u00f3n Honor\u00edfica.<\/p>\n<p>Estudios LOMLOE:<\/p>\n<p style=\"padding-left: 30px\">Insuficiente (<span style=\"color: #3366ff\"><strong>IN<\/strong><\/span>), Suficiente (<span style=\"color: #3366ff\"><strong>SU<\/strong><\/span>), Bien (<span style=\"color: #3366ff\"><strong>BI<\/strong><\/span>), Notable (<span style=\"color: #3366ff\"><strong>NT<\/strong><\/span>) y Sobresaliente (<span style=\"color: #3366ff\"><strong>SB<\/strong><\/span>)<\/p>\n<h2 id=\"finalordinaria\">La evaluaci\u00f3n final ordinaria<\/h2>\n<p>La evaluaci\u00f3n final\u00a0es la \u00faltima evaluaci\u00f3n y en la que se registran las calificaciones que quedar\u00e1n en el expediente del alumno junto con la <span style=\"color: #3366ff\"><strong>decisi\u00f3n de promoci\u00f3n (S o N)<\/strong><\/span>. Por ello, para esta evaluaci\u00f3n, adem\u00e1s de registrar las calificaciones utilizando las funcionalidades descritas en el p\u00e1rrafo anterior, debe registrarse la <strong><span style=\"color: #3366ff\">Fecha de acta de evaluaci\u00f3n Final y de decisi\u00f3n sobre la promoci\u00f3n para todo el grupo de alumnos<\/span><\/strong>, que se hace\u00a0introduciendo una fecha al final del formulario\u00a0\u00a0del apartado Evaluaci\u00f3n\u00a0&gt;\u00a0Conocimientos por grupo.<\/p>\n<p><span style=\"color: #3366ff\"><strong>La Fecha de superaci\u00f3n de los objetivos y de las competencias clave\/b\u00e1sicas, debe grabarse alumno por alumno.<\/strong><\/span><\/p>\n<h2 id=\"decisionpromocion\">La decisi\u00f3n de promoci\u00f3n<\/h2>\n<p>La decisi\u00f3n de promoci\u00f3n debe registrarse a trav\u00e9s del apartado\u00a0Evaluaci\u00f3n\u00a0&gt;\u00a0Conocimientos por grupo para el correcto funcionamiento de la aplicaci\u00f3n.<\/p>\n<p>La Fecha de superaci\u00f3n de los objetivos y de las competencias clave\/b\u00e1sicas, debe grabarse alumno por alumno.<\/p>\n<h2 id=\"finalextraordinaria\">La evaluaci\u00f3n extraordinaria o de materias pendientes<\/h2>\n<p>Sobre este tema hay escrito un <span style=\"color: #3366ff\"><a style=\"color: #3366ff\" href=\"https:\/\/blog.intef.es\/alboran\/2019\/06\/05\/ceip-evaluacion-de-materias-pendientes-en-cursos-de-primaria\/\" target=\"_blank\">art\u00edculo en el blog<\/a><\/span>.<\/p>\n<p>Esta evaluaci\u00f3n se debe realizar editando la matr\u00edcula del alumno en el a\u00f1o escolar que tiene materias pendientes colocando las calificaciones en la columna <strong><span style=\"color: #3366ff\">EXTRA<\/span><\/strong> (No todos los centros tienen autorizada realizar la evaluaci\u00f3n extraordinaria o de pendientes, por lo que si fuese necesario deber\u00eda solicitarse a este servicio v\u00eda la inspecci\u00f3n educativa).<\/p>\n<p><span style=\"color: #3366ff\"><strong>Es muy importante completar el proceso aportando en la pesta\u00f1a otros datos de evaluaci\u00f3n la informaci\u00f3n sobre la decisi\u00f3n de promoci\u00f3n, y fechas de superaci\u00f3n de competencias, para el alumno.<\/strong><\/span><\/p>\n<h2>El historial acad\u00e9mico<\/h2>\n<p>Este documento extrae las fechas guardadas durante todo el proceso de evaluaci\u00f3n, por lo que ante alg\u00fan error en la recuperaci\u00f3n de calificaciones o de fechas, debe revisarse los procesos de evaluaci\u00f3n de los grupos y\/o alumnos en los que se detecten errores.<\/p>\n","protected":false},"excerpt":{"rendered":"<p>Contenido: Las evaluaciones ordinarias Calificaciones La evaluaci\u00f3n final ordinaria La decisi\u00f3n de promoci\u00f3n La evaluaci\u00f3n extraordinaria o de materias pendientes El historial acad\u00e9mico Las evaluaciones ordinarias Las evaluaciones ordinarias se realizan a lo largo del curso coincidiendo con el final&hellip;<\/p>\n<p class=\"more-link-p\"><a class=\"more-link\" target=\"blank\" href=\"https:\/\/blog.intef.es\/alboran\/2020\/06\/24\/ceip-proceso-de-evaluacion-en-primaria-decision-de-promocion\/\">Leer m\u00e1s &rarr;<\/a><\/p>\n","protected":false},"author":302,"featured_media":0,"comment_status":"open","ping_status":"open","sticky":false,"template":"","format":"standard","meta":{"footnotes":""},"categories":[2,66],"tags":[18,31,159,129,158,49],"_links":{"self":[{"href":"https:\/\/blog.intef.es\/alboran\/wp-json\/wp\/v2\/posts\/1181"}],"collection":[{"href":"https:\/\/blog.intef.es\/alboran\/wp-json\/wp\/v2\/posts"}],"about":[{"href":"https:\/\/blog.intef.es\/alboran\/wp-json\/wp\/v2\/types\/post"}],"author":[{"embeddable":true,"href":"https:\/\/blog.intef.es\/alboran\/wp-json\/wp\/v2\/users\/302"}],"replies":[{"embeddable":true,"href":"https:\/\/blog.intef.es\/alboran\/wp-json\/wp\/v2\/comments?post=1181"}],"version-history":[{"count":15,"href":"https:\/\/blog.intef.es\/alboran\/wp-json\/wp\/v2\/posts\/1181\/revisions"}],"predecessor-version":[{"id":2025,"href":"https:\/\/blog.intef.es\/alboran\/wp-json\/wp\/v2\/posts\/1181\/revisions\/2025"}],"wp:attachment":[{"href":"https:\/\/blog.intef.es\/alboran\/wp-json\/wp\/v2\/media?parent=1181"}],"wp:term":[{"taxonomy":"category","embeddable":true,"href":"https:\/\/blog.intef.es\/alboran\/wp-json\/wp\/v2\/categories?post=1181"},{"taxonomy":"post_tag","embeddable":true,"href":"https:\/\/blog.intef.es\/alboran\/wp-json\/wp\/v2\/tags?post=1181"}],"curies":[{"name":"wp","href":"https:\/\/api.w.org\/{rel}","templated":true}]}}