{"id":121,"date":"2016-07-14T12:24:38","date_gmt":"2016-07-14T12:24:38","guid":{"rendered":"http:\/\/pruebas-1.pntic.mec.es\/multiblog\/alboran\/?p=121"},"modified":"2020-11-12T14:32:33","modified_gmt":"2020-11-12T13:32:33","slug":"como-cargar-centros-de-procedencia-del-alumno-en-alboran","status":"publish","type":"post","link":"https:\/\/blog.intef.es\/alboran\/2016\/07\/14\/como-cargar-centros-de-procedencia-del-alumno-en-alboran\/","title":{"rendered":"CEIP: C\u00f3mo cargar Centros de procedencia del alumno en Albor\u00e1n"},"content":{"rendered":"<h3>1.- Introducci\u00f3n<\/h3>\n<p>Para poner el Centro de procedencia de un alumno, debe existir el cenro en la relaci\u00f3n de centro de entorno. Una vez all\u00ed podemos emplearlo con los alumnos.<\/p>\n<p>Hay que\u00a0poner todos los datos de los centros correctamente que se a\u00f1adan en este apartado, porque se no valida ni se hace consultas al Registro Estatal de Centros Docentes no Universitarios para validar los datos introducidos.<\/p>\n<h3>2.- Definir Centros<\/h3>\n<p>Entramos en <strong><span style=\"color: #3366ff\">Daros generales &gt; Entorno &gt; Otros centros<\/span><\/strong><\/p>\n<p>Una vez all\u00ed, para a\u00f1adir uno nuevo pulsamos \u00abA\u00f1adir\u00bb:<\/p>\n<p>Rellenar la ficha poniendo <strong>especial inter\u00e9s en el campo provincia<\/strong>. Si es un Centro ubicado fuera de Espa\u00f1a\u00a0 provincia se cumplimentar\u00f1\u00e1 con \u00abEXTRANJERO\u00bb.<\/p>\n<p>Si es un centro dentro del territorio Espa\u00f1ol pondremos la provincia correspondiente.<\/p>\n<h3>3.- Centros de procedencia o de destino un alumno<\/h3>\n<p>A partir del listado de alumnos y los filtros correspondientes habr\u00e1 que editar los datos del aumno utilizando el icono de edici\u00f3n\u00a0(papel y l\u00e1piz amarillo).<\/p>\n<p>En el men\u00fa lateral que se ofrece para el alumno editado, se elige\u00a0<strong><span style=\"color: #3366ff\">Centro del alumno<\/span><\/strong>.<\/p>\n<p>Se pulsa en\u00a0a\u00f1adir el centro que corresponda y lo <span style=\"color: #3366ff\"><strong>primero a hacer es seleccior la provincia.<\/strong><\/span> El contenido del selector de provincia condicionar\u00e1 los centros que aparezcan en el selector de centros.<\/p>\n<p>Una vez puestas las fechas correspondientes y los cursos pulsar en guardar.<\/p>\n<h3>5.-\u00a0Informaci\u00f3n de ayuda<\/h3>\n<p>En el apartado de la aplicaci\u00f3n\u00a0<span style=\"color: #3366ff\"><strong>Utilidades &gt; Consultas &gt; Comunes<\/strong><\/span>, existe una consulta llamada <strong><span style=\"color: #3366ff\">SEGUIMIENTO DE ALUMNOS: PROCEDENCIA Y DESTINO<\/span><\/strong>, que ayudar\u00e1 a revisar todos los registros de centros de destino y procedencia que se hayan realizado sobre el alumnado del centro.<\/p>\n","protected":false},"excerpt":{"rendered":"<p>1.- Introducci\u00f3n Para poner el Centro de procedencia de un alumno, debe existir el cenro en la relaci\u00f3n de centro de entorno. Una vez all\u00ed podemos emplearlo con los alumnos. Hay que\u00a0poner todos los datos de los centros correctamente que&hellip;<\/p>\n<p class=\"more-link-p\"><a class=\"more-link\" target=\"blank\" href=\"https:\/\/blog.intef.es\/alboran\/2016\/07\/14\/como-cargar-centros-de-procedencia-del-alumno-en-alboran\/\">Leer m\u00e1s &rarr;<\/a><\/p>\n","protected":false},"author":6,"featured_media":0,"comment_status":"closed","ping_status":"open","sticky":false,"template":"","format":"standard","meta":{"footnotes":""},"categories":[66],"tags":[18,19,176,29,174,175],"_links":{"self":[{"href":"https:\/\/blog.intef.es\/alboran\/wp-json\/wp\/v2\/posts\/121"}],"collection":[{"href":"https:\/\/blog.intef.es\/alboran\/wp-json\/wp\/v2\/posts"}],"about":[{"href":"https:\/\/blog.intef.es\/alboran\/wp-json\/wp\/v2\/types\/post"}],"author":[{"embeddable":true,"href":"https:\/\/blog.intef.es\/alboran\/wp-json\/wp\/v2\/users\/6"}],"replies":[{"embeddable":true,"href":"https:\/\/blog.intef.es\/alboran\/wp-json\/wp\/v2\/comments?post=121"}],"version-history":[{"count":7,"href":"https:\/\/blog.intef.es\/alboran\/wp-json\/wp\/v2\/posts\/121\/revisions"}],"predecessor-version":[{"id":1283,"href":"https:\/\/blog.intef.es\/alboran\/wp-json\/wp\/v2\/posts\/121\/revisions\/1283"}],"wp:attachment":[{"href":"https:\/\/blog.intef.es\/alboran\/wp-json\/wp\/v2\/media?parent=121"}],"wp:term":[{"taxonomy":"category","embeddable":true,"href":"https:\/\/blog.intef.es\/alboran\/wp-json\/wp\/v2\/categories?post=121"},{"taxonomy":"post_tag","embeddable":true,"href":"https:\/\/blog.intef.es\/alboran\/wp-json\/wp\/v2\/tags?post=121"}],"curies":[{"name":"wp","href":"https:\/\/api.w.org\/{rel}","templated":true}]}}