{"id":1270,"date":"2020-10-20T17:05:02","date_gmt":"2020-10-20T15:05:02","guid":{"rendered":"https:\/\/blog.intef.es\/alboran\/?p=1270"},"modified":"2021-12-09T12:13:35","modified_gmt":"2021-12-09T11:13:35","slug":"ies-gestion-de-faltas-de-asistencia-y-expulsiones","status":"publish","type":"post","link":"https:\/\/blog.intef.es\/alboran\/2020\/10\/20\/ies-gestion-de-faltas-de-asistencia-y-expulsiones\/","title":{"rendered":"IES: Gesti\u00f3n de faltas de asistencia y expulsiones"},"content":{"rendered":"<p>Desde primeros de octubre de 2020, Albor\u00e1n cuenta con la funcionalidad de poder registrar las expulsiones de alumnos en centros de secundaria. Estas expulsiones solo podr\u00e1n ser registradas por rol secretario.<\/p>\n<p>Los alummnos con expulsiones, estar\u00e1n marcados en el resto de listados de control de faltas de asistencia en los que aparezcan en la aplicaci\u00f3n, no puediendo hacer ning\u00fan cambio el resto de profesores sobre esos alumnos en los d\u00edas en que est\u00e9n expulsados.<\/p>\n<p>El rol secretario tiene que hacer las anotaciones de expulsiones seleccionando un alumno, editando su matr\u00edcula, en el apartado Faltas de asistencia, utilizando los botones [A\u00f1adir Falta por Materia] y [A\u00f1adir Faltas por Intervalo]. Los bloques horarios marcados como expulsi\u00f3n para el alumno no podr\u00e1n ser modificados por el resto de profesores, por tanto, <span style=\"color: #3366ff\"><strong>es muy importante marcar bien con la expulsi\u00f3n todos los bloques horarios de los d\u00edas que el alumno est\u00e9 expulsado<\/strong><\/span>.<\/p>\n<p><a href=\"https:\/\/blog.intef.es\/alboran\/wp-content\/uploads\/2020\/10\/anadir-expulsion.png\"><img loading=\"lazy\" decoding=\"async\" class=\"alignnone size-full wp-image-1271\" src=\"https:\/\/blog.intef.es\/alboran\/wp-content\/uploads\/2020\/10\/anadir-expulsion.png\" alt=\"\" width=\"844\" height=\"349\" srcset=\"https:\/\/blog.intef.es\/alboran\/wp-content\/uploads\/2020\/10\/anadir-expulsion.png 844w, https:\/\/blog.intef.es\/alboran\/wp-content\/uploads\/2020\/10\/anadir-expulsion-300x124.png 300w, https:\/\/blog.intef.es\/alboran\/wp-content\/uploads\/2020\/10\/anadir-expulsion-768x318.png 768w\" sizes=\"(max-width: 844px) 100vw, 844px\" \/><\/a><\/p>\n<p>Si se ha cometido un error a\u00f1adiendo incidencias en un intervalo, para corregilas hay dos opciones:<\/p>\n<ol>\n<li>Editarlas una a una y ajustar a la incidencia que corresponda.<\/li>\n<li>Borrarlas una a una y volver a a\u00f1adir la incidencia.<\/li>\n<\/ol>\n<p><em>Se ha observado que Albor\u00e1n no funciona correctamente en los casos en los que los horarios tienen configurados que se impartan dos o m\u00e1s materias en un bloque horario. Se est\u00e1 estudiando la soluci\u00f3n, que, a prior\u00ed, se basara en a\u00f1adir el par (materia, subgrupo) en el horario. En la matr\u00edcula de los alumnos tambi\u00e9n habr\u00e1 que definir el subgrupo de alumnos en al que se asocia el alumno para la impartici\u00f3n de una materia.<\/em><\/p>\n<p>En el Web Service de Albor\u00e1n\u00a0tambi\u00e9n se ha mejorado el m\u00e9todo para obtener faltas del alumnado\u00a0para que devuelva informaci\u00f3n sobre la expulsi\u00f3n.<\/p>\n<p>Nombre del m\u00e9todo: https:\/\/wspre.educacion.es\/alboranws\/rest\/faltas.json<\/p>\n<p><strong><span style=\"color: #3366ff\">Nota importante:<\/span><\/strong><\/p>\n<p>El c\u00f3mputo de las faltas de asistencia se realiza asociado a los <strong><span style=\"color: #3366ff\"><a style=\"color: #3366ff\" href=\"https:\/\/blog.intef.es\/alboran\/2019\/11\/15\/ies-periodos-de-evaluacion-matricula-faltas-de-asistencia-informes\/\" target=\"_blank\">periodos de evaluaci\u00f3n<\/a><\/span><\/strong> definidos en el centro educativo.<\/p>\n<p>&nbsp;<\/p>\n<p>&nbsp;<\/p>\n<p>&nbsp;<\/p>\n<p>&nbsp;<\/p>\n<p>&nbsp;<\/p>\n<p>&nbsp;<\/p>\n<p>&nbsp;<\/p>\n<p>&nbsp;<\/p>\n<p>&nbsp;<\/p>\n<p>&nbsp;<\/p>\n<p>&nbsp;<\/p>\n<p>&nbsp;<\/p>\n<p>&nbsp;<\/p>\n<p>&nbsp;<\/p>\n<p>&nbsp;<\/p>\n<p>&nbsp;<\/p>\n","protected":false},"excerpt":{"rendered":"<p>Desde primeros de octubre de 2020, Albor\u00e1n cuenta con la funcionalidad de poder registrar las expulsiones de alumnos en centros de secundaria. Estas expulsiones solo podr\u00e1n ser registradas por rol secretario. Los alummnos con expulsiones, estar\u00e1n marcados en el resto&hellip;<\/p>\n<p class=\"more-link-p\"><a class=\"more-link\" target=\"blank\" href=\"https:\/\/blog.intef.es\/alboran\/2020\/10\/20\/ies-gestion-de-faltas-de-asistencia-y-expulsiones\/\">Leer m\u00e1s &rarr;<\/a><\/p>\n","protected":false},"author":302,"featured_media":0,"comment_status":"open","ping_status":"open","sticky":false,"template":"","format":"standard","meta":{"footnotes":""},"categories":[2,66],"tags":[172,110,173,160],"_links":{"self":[{"href":"https:\/\/blog.intef.es\/alboran\/wp-json\/wp\/v2\/posts\/1270"}],"collection":[{"href":"https:\/\/blog.intef.es\/alboran\/wp-json\/wp\/v2\/posts"}],"about":[{"href":"https:\/\/blog.intef.es\/alboran\/wp-json\/wp\/v2\/types\/post"}],"author":[{"embeddable":true,"href":"https:\/\/blog.intef.es\/alboran\/wp-json\/wp\/v2\/users\/302"}],"replies":[{"embeddable":true,"href":"https:\/\/blog.intef.es\/alboran\/wp-json\/wp\/v2\/comments?post=1270"}],"version-history":[{"count":7,"href":"https:\/\/blog.intef.es\/alboran\/wp-json\/wp\/v2\/posts\/1270\/revisions"}],"predecessor-version":[{"id":1561,"href":"https:\/\/blog.intef.es\/alboran\/wp-json\/wp\/v2\/posts\/1270\/revisions\/1561"}],"wp:attachment":[{"href":"https:\/\/blog.intef.es\/alboran\/wp-json\/wp\/v2\/media?parent=1270"}],"wp:term":[{"taxonomy":"category","embeddable":true,"href":"https:\/\/blog.intef.es\/alboran\/wp-json\/wp\/v2\/categories?post=1270"},{"taxonomy":"post_tag","embeddable":true,"href":"https:\/\/blog.intef.es\/alboran\/wp-json\/wp\/v2\/tags?post=1270"}],"curies":[{"name":"wp","href":"https:\/\/api.w.org\/{rel}","templated":true}]}}