{"id":1297,"date":"2020-12-16T13:17:24","date_gmt":"2020-12-16T12:17:24","guid":{"rendered":"https:\/\/blog.intef.es\/alboran\/?p=1297"},"modified":"2020-12-16T13:17:24","modified_gmt":"2020-12-16T12:17:24","slug":"ceip-como-establecer-los-miembros-de-consejo-escolar","status":"publish","type":"post","link":"https:\/\/blog.intef.es\/alboran\/2020\/12\/16\/ceip-como-establecer-los-miembros-de-consejo-escolar\/","title":{"rendered":"CEIP: c\u00f3mo establecer los miembros de consejo escolar"},"content":{"rendered":"<p>La configuraci\u00f3n de los miembros del consejo escolar se hace en dos fases.<\/p>\n<ol>\n<li>En <strong>Datos generales &gt; \u00d3rganos &gt; Consejo escolar<\/strong> deber realizarse el mantenimiento de los miembros del consejo (altas-a\u00f1adir, bajas).<\/li>\n<li>En el caso de los profesores, para que les aparezca el cargo de representante del consejo escolar, <strong>debe editarse el perfil de cada profesor <\/strong>inclu\u00eddo en el consejo, y en el <strong>apartado cargos<\/strong> comprobar que tiene asignado dicho cargo, y si no es as\u00ed registrarlo.<\/li>\n<\/ol>\n","protected":false},"excerpt":{"rendered":"<p>La configuraci\u00f3n de los miembros del consejo escolar se hace en dos fases. En Datos generales &gt; \u00d3rganos &gt; Consejo escolar deber realizarse el mantenimiento de los miembros del consejo (altas-a\u00f1adir, bajas). En el caso de los profesores, para que&hellip;<\/p>\n<p class=\"more-link-p\"><a class=\"more-link\" target=\"blank\" href=\"https:\/\/blog.intef.es\/alboran\/2020\/12\/16\/ceip-como-establecer-los-miembros-de-consejo-escolar\/\">Leer m\u00e1s &rarr;<\/a><\/p>\n","protected":false},"author":302,"featured_media":0,"comment_status":"open","ping_status":"open","sticky":false,"template":"","format":"standard","meta":{"footnotes":""},"categories":[66],"tags":[17,186,185,187],"_links":{"self":[{"href":"https:\/\/blog.intef.es\/alboran\/wp-json\/wp\/v2\/posts\/1297"}],"collection":[{"href":"https:\/\/blog.intef.es\/alboran\/wp-json\/wp\/v2\/posts"}],"about":[{"href":"https:\/\/blog.intef.es\/alboran\/wp-json\/wp\/v2\/types\/post"}],"author":[{"embeddable":true,"href":"https:\/\/blog.intef.es\/alboran\/wp-json\/wp\/v2\/users\/302"}],"replies":[{"embeddable":true,"href":"https:\/\/blog.intef.es\/alboran\/wp-json\/wp\/v2\/comments?post=1297"}],"version-history":[{"count":1,"href":"https:\/\/blog.intef.es\/alboran\/wp-json\/wp\/v2\/posts\/1297\/revisions"}],"predecessor-version":[{"id":1298,"href":"https:\/\/blog.intef.es\/alboran\/wp-json\/wp\/v2\/posts\/1297\/revisions\/1298"}],"wp:attachment":[{"href":"https:\/\/blog.intef.es\/alboran\/wp-json\/wp\/v2\/media?parent=1297"}],"wp:term":[{"taxonomy":"category","embeddable":true,"href":"https:\/\/blog.intef.es\/alboran\/wp-json\/wp\/v2\/categories?post=1297"},{"taxonomy":"post_tag","embeddable":true,"href":"https:\/\/blog.intef.es\/alboran\/wp-json\/wp\/v2\/tags?post=1297"}],"curies":[{"name":"wp","href":"https:\/\/api.w.org\/{rel}","templated":true}]}}