{"id":1312,"date":"2021-01-20T09:36:45","date_gmt":"2021-01-20T08:36:45","guid":{"rendered":"https:\/\/blog.intef.es\/alboran\/?p=1312"},"modified":"2021-09-17T13:10:42","modified_gmt":"2021-09-17T11:10:42","slug":"asignar-roles-a-otro-personal-del-centro","status":"publish","type":"post","link":"https:\/\/blog.intef.es\/alboran\/2021\/01\/20\/asignar-roles-a-otro-personal-del-centro\/","title":{"rendered":"Asignar roles a otro personal del centro"},"content":{"rendered":"<p>Algunas de las tareas para la gestiones acad\u00e9micas y administrativas en la aplicaci\u00f3n Albor\u00e1n pueden atribuirse a personal del centro que no sea profesorado, por ejemplo administrativos, orientadores, trabajadores sociales, &#8230;<\/p>\n<p>Para que estos usuarios puedan realizar funciones en Albor\u00e1n hay que asignarles uno de los roles habilitados como<\/p>\n<ul>\n<li><strong>administrativo<\/strong>, para administrativos<\/li>\n<li><strong>matr\u00edcula<\/strong>, para administrativos<\/li>\n<li><strong>orientador<\/strong>, para orientadores<\/li>\n<li><strong>tsocial<\/strong>, para trabajor social<\/li>\n<li><strong>secretario<\/strong>, para secretario del centro<\/li>\n<\/ul>\n<h2>\u00bfC\u00f3mo proceder?<\/h2>\n<h3>1. Dar de alta a este personal en los apartados correspondientes<\/h3>\n<p style=\"padding-left: 30px\"><strong><span style=\"color: #3366ff\">CEIP<\/span><\/strong>: Desde el perfil secretario, en Personal &gt; Otro personal, se podr\u00e1 a\u00f1adir a los nuevos usuarios de este apartado.<\/p>\n<p style=\"padding-left: 30px\"><strong><span style=\"color: #3366ff\">IES<\/span><\/strong>:\u00a0Desde el perfil secretario, en Otro personal &gt; Personal, se podr\u00e1 a\u00f1adir a los nuevos usuarios de este apartado.<\/p>\n<h3>2. Otorgar roles a los usuarios<\/h3>\n<p style=\"padding-left: 30px\"><strong><span style=\"color: #3366ff\">CEIP<\/span><\/strong>: Desde el perfil DP, en Consultas &gt; Otros &gt;\u00a0Usuarios aplicaci\u00f3n CEIP, buscando el usuario con las opciones de filtrado, cambiando la entrada [Tipo de usuario] a <span style=\"color: #3366ff\">PERSONAL,<\/span>\u00a0y despu\u00e9s edit\u00e1ndolo (icono papel y l\u00e1piz amarillo), aparecer\u00e1 la informaci\u00f3n del usuario y la posibilidad de a\u00f1adirle roles.<\/p>\n<p style=\"padding-left: 30px\"><strong><span style=\"color: #3366ff\">IES<\/span><\/strong>: Desde el perfil secretario, en\u00a0Otro personal &gt;\u00a0Personal &gt; Editar a un usuario (icono papel y l\u00e1piz amarillo), aparecer\u00e1 Personal seleccionado &gt;\u00a0Usuario Aplicaci\u00f3n, donde se podr\u00e1 a\u00f1adir los roles que correspondan.<\/p>\n","protected":false},"excerpt":{"rendered":"<p>Algunas de las tareas para la gestiones acad\u00e9micas y administrativas en la aplicaci\u00f3n Albor\u00e1n pueden atribuirse a personal del centro que no sea profesorado, por ejemplo administrativos, orientadores, trabajadores sociales, &#8230; Para que estos usuarios puedan realizar funciones en Albor\u00e1n&hellip;<\/p>\n<p class=\"more-link-p\"><a class=\"more-link\" target=\"blank\" href=\"https:\/\/blog.intef.es\/alboran\/2021\/01\/20\/asignar-roles-a-otro-personal-del-centro\/\">Leer m\u00e1s &rarr;<\/a><\/p>\n","protected":false},"author":302,"featured_media":0,"comment_status":"open","ping_status":"open","sticky":false,"template":"","format":"standard","meta":{"footnotes":""},"categories":[2,66],"tags":[195,191,42,165,194,192,193,164,167,166],"_links":{"self":[{"href":"https:\/\/blog.intef.es\/alboran\/wp-json\/wp\/v2\/posts\/1312"}],"collection":[{"href":"https:\/\/blog.intef.es\/alboran\/wp-json\/wp\/v2\/posts"}],"about":[{"href":"https:\/\/blog.intef.es\/alboran\/wp-json\/wp\/v2\/types\/post"}],"author":[{"embeddable":true,"href":"https:\/\/blog.intef.es\/alboran\/wp-json\/wp\/v2\/users\/302"}],"replies":[{"embeddable":true,"href":"https:\/\/blog.intef.es\/alboran\/wp-json\/wp\/v2\/comments?post=1312"}],"version-history":[{"count":6,"href":"https:\/\/blog.intef.es\/alboran\/wp-json\/wp\/v2\/posts\/1312\/revisions"}],"predecessor-version":[{"id":1521,"href":"https:\/\/blog.intef.es\/alboran\/wp-json\/wp\/v2\/posts\/1312\/revisions\/1521"}],"wp:attachment":[{"href":"https:\/\/blog.intef.es\/alboran\/wp-json\/wp\/v2\/media?parent=1312"}],"wp:term":[{"taxonomy":"category","embeddable":true,"href":"https:\/\/blog.intef.es\/alboran\/wp-json\/wp\/v2\/categories?post=1312"},{"taxonomy":"post_tag","embeddable":true,"href":"https:\/\/blog.intef.es\/alboran\/wp-json\/wp\/v2\/tags?post=1312"}],"curies":[{"name":"wp","href":"https:\/\/api.w.org\/{rel}","templated":true}]}}