{"id":1329,"date":"2021-06-30T12:05:37","date_gmt":"2021-06-30T10:05:37","guid":{"rendered":"https:\/\/blog.intef.es\/alboran\/?p=1329"},"modified":"2021-06-30T12:05:37","modified_gmt":"2021-06-30T10:05:37","slug":"ceip-proceso-de-evaluacion-de-infantil","status":"publish","type":"post","link":"https:\/\/blog.intef.es\/alboran\/2021\/06\/30\/ceip-proceso-de-evaluacion-de-infantil\/","title":{"rendered":"CEIP: Proceso de evaluaci\u00f3n de infantil"},"content":{"rendered":"<h2>Matriculaci\u00f3n<\/h2>\n<p>La matriculaci\u00f3n de los alumnos de infantil (3, 4 y 5 a\u00f1os) hasta ahora no incluye materias, pues estas no est\u00e1n definidas en los planes de estudios de los centros.<\/p>\n<p>Durante el curso escolar 2020\/2021 se introdujeron en los planes de estudio las materias de infantil, y se matricularon a todos los alumnos en dichas materias. Esta actuaci\u00f3n se realiz\u00f3 desde el equipo de soporte.alboran por indicaciones del equipo de mantenimiento del Sistema Educativo Digital (SED), con la finalidad de permitir que se pudieran crear automatizadamente los cursos de formaci\u00f3n en las aulas virtuales de Moodle de los centros educativos.<\/p>\n<p>Para el curso 2021\/2022 esta actuaci\u00f3n tambi\u00e9n ser\u00e1 coordinada a demanda del SED.<\/p>\n<p>Estas son las materias de infantil incluidas en cada curso de infantil a petici\u00f3n del SED:<\/p>\n<table id=\"object\" class=\"table\">\n<thead>\n<tr>\n<th class=\"sortable sorted order1\"><a href=\"https:\/\/www.educacion.gob.es\/alboran\/ceip\/centro\/materias?d-445877-p=1&amp;d-445877-o=1&amp;actual=menu.ceip.materias&amp;d-445877-s=0\">C\u00f3digo<\/a><\/th>\n<th class=\"sortable\"><a href=\"https:\/\/www.educacion.gob.es\/alboran\/ceip\/centro\/materias?d-445877-p=1&amp;d-445877-o=2&amp;actual=menu.ceip.materias&amp;d-445877-s=1\">Nombre<\/a><\/th>\n<\/tr>\n<\/thead>\n<tbody>\n<tr class=\"odd\">\n<td>I_CENT<\/td>\n<td>Conocimiento del entorno<\/td>\n<\/tr>\n<tr class=\"even\">\n<td>I_CSAP<\/td>\n<td>Conocimiento de s\u00ed mismo y autonom\u00eda personal<\/td>\n<\/tr>\n<tr class=\"odd\">\n<td>I_ING<\/td>\n<td>Idioma extranjero: Ingl\u00e9s<\/td>\n<\/tr>\n<\/tbody>\n<\/table>\n<h2>Evaluaci\u00f3n<\/h2>\n<p>La evaluaci\u00f3n de infantil no se realiza sobre la calificaci\u00f3n de las materias, de hecho se ha dicho en el p\u00e1rrafo anterior que no se matriculaba en materias a los alumnos. Esta evaluaci\u00f3n se realiza a partir de la evaluaci\u00f3n de una relaci\u00f3n de items.<\/p>\n<h3 style=\"padding-left: 30px\">Items de evaluaci\u00f3n<\/h3>\n<p>Los items disponibles para la evaluaci\u00f3n est\u00e1n configurados para cada centro en el apartado\u00a0<strong>Datos generales &gt; Items de infantil<\/strong>. En este apartado pueden editarse los items disponibles y a\u00f1adirse items nuevos. Es tambi\u00e9n posible marcar items como no vigentes, para que no sean incluidos en los formularios de evaluaci\u00f3n.<\/p>\n<p>Los items pueden a\u00f1adirse, actualmente, dentro de cuatro <strong>categor\u00edas<\/strong>:<\/p>\n<ul>\n<li><strong>Autonom\u00eda e iniciativa personal<\/strong><\/li>\n<li><strong>Conocimiento de s\u00ed mismo y autonom\u00eda personal<\/strong><\/li>\n<li><strong>Conocimiento del entorno<\/strong><\/li>\n<li><strong>Lenguaje: Comunicaci\u00f3n y Representaci\u00f3n<\/strong><\/li>\n<\/ul>\n<p>Si se necesitase de nuevas categor\u00edas, su inclusi\u00f3n debe solicitarse a los responsables de inspecci\u00f3n que remitir\u00e1n la petici\u00f3n al servicio de soporte.alboran.<\/p>\n<h3 style=\"padding-left: 30px\">Evaluaciones parciales y final<\/h3>\n<p>Para realizar cada una de las evaluaciones, debe procederse alumno por alumno.<\/p>\n<ol>\n<li>Se selecciona un grupo de alumnos en <strong>Alumnado &gt; Alumnos<\/strong>, indicando en el filtro el grupo.<\/li>\n<li>Se edita el primer alumno de la lista y en el apartado<strong> Evaluaci\u00f3n<\/strong> se pulsa en el <strong>bot\u00f3n A\u00f1adir<\/strong>. Se abrir\u00e1 una nueva ventana donde definir el n\u00famero de evaluaci\u00f3n (1,2,3,F). Una vez a\u00f1adida aparecer\u00e1n todos los items de evaluaci\u00f3n donde, en cada uno, se anotar\u00e1 los valores S\u00cd, NO, A VECES para indicar la consecuci\u00f3n de los objetivos. Al pulsar en el <strong>bot\u00f3n Guardar\u00a0<\/strong>se producir\u00e1 el registro de la evaluaci\u00f3n.<\/li>\n<li>Utilizando los cursores de desplazamiento\u00a0<strong>&lt;&lt;\u00a0 &lt; &gt; &gt;&gt;<\/strong> situados en la parte superior de la ventana puede desplazarse hacia los dem\u00e1s alumnos del grupo.<\/li>\n<\/ol>\n<h3 style=\"padding-left: 30px\">Boletines<\/h3>\n<p>Para imprimer los boletines informativos, puede realizarse individualmente desde el men\u00fa de un alumno seleccionado en el apartado\u00a0<strong>Listados\u00a0<\/strong>utilizando\u00a0<strong>Alumnos: Bolet\u00edn Informativo de resultados de la Evaluaci\u00f3n Infantil<\/strong>,<\/p>\n<p>o puede hacerse para todo un grupo de alumnos desde\u00a0<strong>Alumnado &gt; Alumnos &gt; Documentaci\u00f3n alumnado &gt;\u00a0Alumnos: Bolet\u00edn Informativo de resultados de la Evaluaci\u00f3n Infantil por grupo<\/strong>.<\/p>\n<h2>Promoci\u00f3n<\/h2>\n<h3>Decisi\u00f3n de promoci\u00f3n<\/h3>\n<p>Una vez realizada la evaluac\u00f3n final hay que tomar la decisi\u00f3n sobre la promoci\u00f3n al siguiente curso. Esto se realiza en el apartado\u00a0<strong>Inicio de curso &gt; Promoci\u00f3n por grupo.<\/strong>\u00a0Todos los alumnos del grupo habr\u00e1n de tener definida mediante una\u00a0<strong>S (s\u00ed)<\/strong>\u00a0o<strong> N (no)<\/strong>\u00a0su decisi\u00f3n de promoci\u00f3n.<\/p>\n<h3>Matriculaci\u00f3n de los alumnos despu\u00e9s de la decisi\u00f3n de promoci\u00f3n<\/h3>\n<p>La funcionalidad <strong>Inicio de curso &gt; Matr\u00edcula segun promoci\u00f3n<\/strong>, en la que a los alumnos con decisi\u00f3n de promoci\u00f3n igual a S se les podr\u00e1 matricular en el siguiente curso de su plan de estudios.<\/p>\n<p>Los alumnos con decisi\u00f3n de promoci\u00f3n igual a N, deber\u00e1n ser matriculados desde el curso escolar siguiente, desde <strong>Alumnado &gt; Alumnos,\u00a0<\/strong>busc\u00e1ndo a cada alumno en seleccion=Hist\u00f3rico junto con otro dato identificativo del alumno. Una vez seleccionado el alumno, se edita, y en el apartado matr\u00edculas del alumno seleccionado se a\u00f1ade la matr\u00edcula que se corresponder\u00e1 con una repetici\u00f3n de curso.<\/p>\n","protected":false},"excerpt":{"rendered":"<p>Matriculaci\u00f3n La matriculaci\u00f3n de los alumnos de infantil (3, 4 y 5 a\u00f1os) hasta ahora no incluye materias, pues estas no est\u00e1n definidas en los planes de estudios de los centros. Durante el curso escolar 2020\/2021 se introdujeron en los&hellip;<\/p>\n<p class=\"more-link-p\"><a class=\"more-link\" target=\"blank\" href=\"https:\/\/blog.intef.es\/alboran\/2021\/06\/30\/ceip-proceso-de-evaluacion-de-infantil\/\">Leer m\u00e1s &rarr;<\/a><\/p>\n","protected":false},"author":302,"featured_media":0,"comment_status":"open","ping_status":"open","sticky":false,"template":"","format":"standard","meta":{"footnotes":""},"categories":[2,66],"tags":[200,31,38,198,199,216],"_links":{"self":[{"href":"https:\/\/blog.intef.es\/alboran\/wp-json\/wp\/v2\/posts\/1329"}],"collection":[{"href":"https:\/\/blog.intef.es\/alboran\/wp-json\/wp\/v2\/posts"}],"about":[{"href":"https:\/\/blog.intef.es\/alboran\/wp-json\/wp\/v2\/types\/post"}],"author":[{"embeddable":true,"href":"https:\/\/blog.intef.es\/alboran\/wp-json\/wp\/v2\/users\/302"}],"replies":[{"embeddable":true,"href":"https:\/\/blog.intef.es\/alboran\/wp-json\/wp\/v2\/comments?post=1329"}],"version-history":[{"count":7,"href":"https:\/\/blog.intef.es\/alboran\/wp-json\/wp\/v2\/posts\/1329\/revisions"}],"predecessor-version":[{"id":1432,"href":"https:\/\/blog.intef.es\/alboran\/wp-json\/wp\/v2\/posts\/1329\/revisions\/1432"}],"wp:attachment":[{"href":"https:\/\/blog.intef.es\/alboran\/wp-json\/wp\/v2\/media?parent=1329"}],"wp:term":[{"taxonomy":"category","embeddable":true,"href":"https:\/\/blog.intef.es\/alboran\/wp-json\/wp\/v2\/categories?post=1329"},{"taxonomy":"post_tag","embeddable":true,"href":"https:\/\/blog.intef.es\/alboran\/wp-json\/wp\/v2\/tags?post=1329"}],"curies":[{"name":"wp","href":"https:\/\/api.w.org\/{rel}","templated":true}]}}