{"id":1343,"date":"2021-03-05T15:00:58","date_gmt":"2021-03-05T14:00:58","guid":{"rendered":"https:\/\/blog.intef.es\/alboran\/?p=1343"},"modified":"2021-04-28T09:45:02","modified_gmt":"2021-04-28T07:45:02","slug":"proceso-de-adscripcion-y-admision-en-centros-sostenidos-con-fondos-publicos-en-ceuta-y-melilla-curso-202120221","status":"publish","type":"post","link":"https:\/\/blog.intef.es\/alboran\/2021\/03\/05\/proceso-de-adscripcion-y-admision-en-centros-sostenidos-con-fondos-publicos-en-ceuta-y-melilla-curso-202120221\/","title":{"rendered":"Proceso de adscripci\u00f3n y admisi\u00f3n en centros sostenidos con fondos p\u00fablicos en Ceuta y Melilla. Curso 2021\/20221"},"content":{"rendered":"<p><strong><a href=\"https:\/\/blog.intef.es\/alboran\/wp-content\/uploads\/2018\/02\/admisi\u00f3n.jpg\"><img loading=\"lazy\" decoding=\"async\" class=\"alignleft wp-image-559 size-medium\" src=\"https:\/\/blog.intef.es\/alboran\/wp-content\/uploads\/2018\/02\/admisi\u00f3n-300x183.jpg\" alt=\"\" width=\"300\" height=\"183\" srcset=\"https:\/\/blog.intef.es\/alboran\/wp-content\/uploads\/2018\/02\/admisi\u00f3n-300x183.jpg 300w, https:\/\/blog.intef.es\/alboran\/wp-content\/uploads\/2018\/02\/admisi\u00f3n.jpg 575w\" sizes=\"(max-width: 300px) 100vw, 300px\" \/><\/a>Resoluci\u00f3n de 25 de febrero de 2021<\/strong>, de la Secretar\u00eda de Estado de Educaci\u00f3n, por la que se regula el proceso de admisi\u00f3n de alumnos y alumnas en centros docentes p\u00fablicos y privados concertados que imparten el segundo ciclo de educaci\u00f3n infantil, educaci\u00f3n primaria, educaci\u00f3n secundaria y bachillerato, en las Ciudades de Ceuta y Melilla para el curso 2021\/2022.<\/p>\n<p>&nbsp;<\/p>\n<p>&nbsp;<\/p>\n<p>&nbsp;<\/p>\n<p>Plazas vacantes:<span style=\"color: #3366ff\">\u00a0<a style=\"color: #3366ff\" href=\"https:\/\/blog.intef.es\/alboran\/2019\/04\/26\/proceso-de-admision-adscripcion-plazas-vacantes-en-los-centros\/\" target=\"_blank\">Instrucciones<\/a><\/span><\/p>\n<p><span style=\"color: #999999\"><strong>Adscripci\u00f3n:<\/strong><\/span><\/p>\n<ul>\n<li><span style=\"color: #999999\"><a style=\"color: #999999\" href=\"https:\/\/blog.intef.es\/alboran\/2017\/03\/17\/solicitudes-de-adscripcion-en-alboran\/\" target=\"_blank\">Instrucciones para los centros educativos<\/a><\/span><\/li>\n<li><span style=\"color: #999999\"><a style=\"color: #999999\" href=\"https:\/\/blog.intef.es\/alboran\/2019\/06\/04\/manual-para-la-comision-de-garantia-de-admision\/\" target=\"_blank\">Instrucciones para la comisi\u00f3n de garant\u00edas de admisi\u00f3n<\/a><\/span><\/li>\n<\/ul>\n<p><span style=\"color: #3366ff\"><strong>Admisi\u00f3n:<\/strong><\/span><\/p>\n<ul>\n<li><span style=\"color: #3366ff\">C<a style=\"color: #3366ff\" href=\"http:\/\/www.educacionyfp.gob.es\/servicios-al-ciudadano\/catalogo\/general\/99\/998498\/ficha\/998498-2021.html\" target=\"_blank\">euta:\u00a0tramitaci\u00f3n en linea por sede electr\u00f3nica del Ministerio de Educaci\u00f3n\u00a0<strong>para familias<\/strong><\/a><\/span><\/li>\n<li><span style=\"color: #3366ff\"><a style=\"color: #3366ff\" href=\"http:\/\/www.educacionyfp.gob.es\/servicios-al-ciudadano\/catalogo\/general\/99\/998551\/ficha\/998551-2021.html\" target=\"_blank\">Melilla: tramitaci\u00f3n en linea por sede electr\u00f3nica del Ministerio de Educaci\u00f3n\u00a0<strong>para familias<\/strong><\/a><\/span><\/li>\n<li><span style=\"color: #3366ff\"><a style=\"color: #3366ff\" href=\"https:\/\/blog.intef.es\/alboran\/wp-content\/uploads\/2020\/06\/guia-admision-cym-2020-centros-educativos.pdf\" target=\"_blank\">Instrucciones\u00a0<strong>para los centros educativos<\/strong>\u00a0(.pdf)<\/a><\/span><\/li>\n<li><span style=\"color: #3366ff\"><a style=\"color: #3366ff\" href=\"https:\/\/blog.intef.es\/alboran\/wp-content\/uploads\/2020\/05\/guia-admision-cym-2020-comision-garant-admis.pdf\" target=\"_blank\">Instrucciones\u00a0<strong>para la comisi\u00f3n de garant\u00edas de admisi\u00f3n<\/strong>\u00a0(.pdf)<\/a><\/span><\/li>\n<\/ul>\n<p>Para facilitar consultas sobre la nota media de los expedientes de 3\u00ba de la ESO para realizar la baremaci\u00f3n de las solicitudes de 1\u00ba de bachillerato, los centros y el personal de la comisi\u00f3n de garant\u00edas de admisi\u00f3n pueden utilizar la consulta<\/p>\n<ul>\n<li>ALUMNOS PROMOCIONADOS POR A\u00d1O, ESTUDIO Y CURSO CON NOTA MEDIA<\/li>\n<\/ul>\n<p>accesible desde<\/p>\n<p>dp &gt; Consultas &gt; Otros &gt; Consultas secundaria<\/p>\n<p>ies &gt; Utilidades &gt; Consultas &gt; Comunes<\/p>\n","protected":false},"excerpt":{"rendered":"<p>Resoluci\u00f3n de 25 de febrero de 2021, de la Secretar\u00eda de Estado de Educaci\u00f3n, por la que se regula el proceso de admisi\u00f3n de alumnos y alumnas en centros docentes p\u00fablicos y privados concertados que imparten el segundo ciclo de&hellip;<\/p>\n<p class=\"more-link-p\"><a class=\"more-link\" target=\"blank\" href=\"https:\/\/blog.intef.es\/alboran\/2021\/03\/05\/proceso-de-adscripcion-y-admision-en-centros-sostenidos-con-fondos-publicos-en-ceuta-y-melilla-curso-202120221\/\">Leer m\u00e1s &rarr;<\/a><\/p>\n","protected":false},"author":302,"featured_media":0,"comment_status":"open","ping_status":"open","sticky":false,"template":"","format":"standard","meta":{"footnotes":""},"categories":[2,66],"tags":[74,75,139],"_links":{"self":[{"href":"https:\/\/blog.intef.es\/alboran\/wp-json\/wp\/v2\/posts\/1343"}],"collection":[{"href":"https:\/\/blog.intef.es\/alboran\/wp-json\/wp\/v2\/posts"}],"about":[{"href":"https:\/\/blog.intef.es\/alboran\/wp-json\/wp\/v2\/types\/post"}],"author":[{"embeddable":true,"href":"https:\/\/blog.intef.es\/alboran\/wp-json\/wp\/v2\/users\/302"}],"replies":[{"embeddable":true,"href":"https:\/\/blog.intef.es\/alboran\/wp-json\/wp\/v2\/comments?post=1343"}],"version-history":[{"count":15,"href":"https:\/\/blog.intef.es\/alboran\/wp-json\/wp\/v2\/posts\/1343\/revisions"}],"predecessor-version":[{"id":1384,"href":"https:\/\/blog.intef.es\/alboran\/wp-json\/wp\/v2\/posts\/1343\/revisions\/1384"}],"wp:attachment":[{"href":"https:\/\/blog.intef.es\/alboran\/wp-json\/wp\/v2\/media?parent=1343"}],"wp:term":[{"taxonomy":"category","embeddable":true,"href":"https:\/\/blog.intef.es\/alboran\/wp-json\/wp\/v2\/categories?post=1343"},{"taxonomy":"post_tag","embeddable":true,"href":"https:\/\/blog.intef.es\/alboran\/wp-json\/wp\/v2\/tags?post=1343"}],"curies":[{"name":"wp","href":"https:\/\/api.w.org\/{rel}","templated":true}]}}