{"id":1387,"date":"2021-05-27T12:16:08","date_gmt":"2021-05-27T10:16:08","guid":{"rendered":"https:\/\/blog.intef.es\/alboran\/?p=1387"},"modified":"2022-09-27T09:04:37","modified_gmt":"2022-09-27T07:04:37","slug":"unidades-de-programas-educativos-formacion-del-profesorado","status":"publish","type":"post","link":"https:\/\/blog.intef.es\/alboran\/2021\/05\/27\/unidades-de-programas-educativos-formacion-del-profesorado\/","title":{"rendered":"Unidades de Programas Educativos (UPE): formaci\u00f3n del profesorado"},"content":{"rendered":"<p>Se han creado en Albor\u00e1n tres centros con los c\u00f3digos 51999999, 52999999 y 60999999, asociados respectivamente a la Unidad de Programas Educativos de Ceuta, a la UPE de Melilla y a la Unidad de Acci\u00f3n Educativa Exterior. Estos centros tienen las funcionalidades de un centro tipo IES (educaci\u00f3n secundaria) en Albor\u00e1n.<\/p>\n<p>En cada centro se han incluido todos los profesores activos en los centros educativos del correspondiente \u00e1mbito territorial.<br \/>\nLa inclusi\u00f3n de los profesores podr\u00e1 hacerse cada comienzo de curso, o durante el curso para actualizaciones de profesores, mediante un script SQL que quedar\u00e1 en la documentaci\u00f3n interna de gesti\u00f3n del equipo de soporte de Albor\u00e1n, o tambi\u00e9n manualmente por los gestores de las UPEs.<\/p>\n<p>Se ha creado un plan de estudios de prueba que incluye materias, cada una de las cuales se corresponder\u00eda con un curso Moodle.\u00a0Estos planes modelo deben servir de referencia para crear los planes que precise cada UPE respetando las caracter\u00edsticas de configuraci\u00f3n que se se\u00f1alan en <span style=\"color: #3366ff\"><a style=\"color: #3366ff\" href=\"https:\/\/blog.intef.es\/alboran\/wp-content\/uploads\/2022\/09\/MANUAL-ALBORAN-UPEs-SED-v06.pdf\" target=\"_blank\">el manual<\/a><\/span>.<\/p>\n<p>Una vez matriculados como alumnos los profesores en los estudios y materias del plan de formaci\u00f3n del profesorado de la UPE, la sincronizaci\u00f3n diaria del Sistema Educativo Digital crear\u00e1 los cursos Moodle correspondientes al plan de estudios y matricular\u00e1 en ellos a los alumnos y ponentes que determine la UPE para impartir los cursos Moodle correspondiente, \u00e9stos \u00faltimos en calidad de profesores.<\/p>\n","protected":false},"excerpt":{"rendered":"<p>Se han creado en Albor\u00e1n tres centros con los c\u00f3digos 51999999, 52999999 y 60999999, asociados respectivamente a la Unidad de Programas Educativos de Ceuta, a la UPE de Melilla y a la Unidad de Acci\u00f3n Educativa Exterior. Estos centros tienen&hellip;<\/p>\n<p class=\"more-link-p\"><a class=\"more-link\" target=\"blank\" href=\"https:\/\/blog.intef.es\/alboran\/2021\/05\/27\/unidades-de-programas-educativos-formacion-del-profesorado\/\">Leer m\u00e1s &rarr;<\/a><\/p>\n","protected":false},"author":302,"featured_media":0,"comment_status":"open","ping_status":"open","sticky":false,"template":"","format":"standard","meta":{"footnotes":""},"categories":[2],"tags":[294,297,295,296,293],"_links":{"self":[{"href":"https:\/\/blog.intef.es\/alboran\/wp-json\/wp\/v2\/posts\/1387"}],"collection":[{"href":"https:\/\/blog.intef.es\/alboran\/wp-json\/wp\/v2\/posts"}],"about":[{"href":"https:\/\/blog.intef.es\/alboran\/wp-json\/wp\/v2\/types\/post"}],"author":[{"embeddable":true,"href":"https:\/\/blog.intef.es\/alboran\/wp-json\/wp\/v2\/users\/302"}],"replies":[{"embeddable":true,"href":"https:\/\/blog.intef.es\/alboran\/wp-json\/wp\/v2\/comments?post=1387"}],"version-history":[{"count":6,"href":"https:\/\/blog.intef.es\/alboran\/wp-json\/wp\/v2\/posts\/1387\/revisions"}],"predecessor-version":[{"id":1853,"href":"https:\/\/blog.intef.es\/alboran\/wp-json\/wp\/v2\/posts\/1387\/revisions\/1853"}],"wp:attachment":[{"href":"https:\/\/blog.intef.es\/alboran\/wp-json\/wp\/v2\/media?parent=1387"}],"wp:term":[{"taxonomy":"category","embeddable":true,"href":"https:\/\/blog.intef.es\/alboran\/wp-json\/wp\/v2\/categories?post=1387"},{"taxonomy":"post_tag","embeddable":true,"href":"https:\/\/blog.intef.es\/alboran\/wp-json\/wp\/v2\/tags?post=1387"}],"curies":[{"name":"wp","href":"https:\/\/api.w.org\/{rel}","templated":true}]}}