{"id":1397,"date":"2021-06-04T12:46:28","date_gmt":"2021-06-04T10:46:28","guid":{"rendered":"https:\/\/blog.intef.es\/alboran\/?p=1397"},"modified":"2021-06-14T13:25:29","modified_gmt":"2021-06-14T11:25:29","slug":"ies-exclusion-de-materias-del-expediente-de-un-estudiante","status":"publish","type":"post","link":"https:\/\/blog.intef.es\/alboran\/2021\/06\/04\/ies-exclusion-de-materias-del-expediente-de-un-estudiante\/","title":{"rendered":"IES: BACH: Exclusi\u00f3n de materias del expediente de un estudiante"},"content":{"rendered":"<p>Para mejorar <span style=\"color: #3366ff\"><a style=\"color: #3366ff\" href=\"https:\/\/blog.intef.es\/alboran\/2020\/04\/20\/ies-bachillerato-de-adultos-nocturno-y-a-distancia-matriculacion-y-documentacion\/\" target=\"_blank\">los expedientes de alumnos de bachillerato en r\u00e9gimen A distancia y Nocturno<\/a><\/span> se introdujeron nuevos modelos de certificaci\u00f3n y nuevos valores para calificar manterias.<\/p>\n<p>Para calificar materias se han introducido los valores:<\/p>\n<ul>\n<li>Materias <span style=\"color: #3366ff\"><strong>superadas\u00a0cursadas en a\u00f1os anteriores<\/strong><\/span>: C5, C6, C7, C8, C9, CX<\/li>\n<\/ul>\n<p style=\"padding-left: 60px\">Facilita recrear\/reconstruir expedientes de alumnos que han iniciado los estudios en otros centros.<\/p>\n<p style=\"padding-left: 60px\">Estas calificaciones son tenidas en cuenta en el c\u00e1lculo de la nota media.<\/p>\n<ul>\n<li>Materias <span style=\"color: #3366ff\"><strong>excluidas<\/strong><\/span>:\u00a0E0, E1, E2, \u2026, E9, EA (10), EN (NP) \u2026<\/li>\n<\/ul>\n<p style=\"padding-left: 60px\">Por ejemplo es \u00fatil para estudiantes que cambian de modalidad. Las materias no desaparecen del expediente pero s\u00ed se excluyen el el c\u00e1lculo de la nota media.<\/p>\n<p style=\"padding-left: 60px\">Estas calificaciones no son tenidas en cuenta en el c\u00e1lculo de la nota media.<\/p>\n<p><span style=\"color: #3366ff\"><strong>Importante:<\/strong><\/span> Cuando en un expediente se anota la decisi\u00f3n de promoci\u00f3n en el \u00faltimo curso la aplicaci\u00f3n Albor\u00e1n hace un c\u00e1lculo autom\u00e1tico de la nota media. <strong>Si\u00a0un expediente sufre alteraciones en las calificaciones finales, la aplicaci\u00f3n Albor\u00e1n no recalcula autom\u00e1ticamente la nota media<\/strong>. <a href=\"https:\/\/blog.intef.es\/alboran\/2016\/08\/31\/poner-nota-media-en-la-promocion\/\" target=\"_blank\"><strong><span style=\"color: #3366ff\">Para forzar que se recalcule la nota media<\/span><\/strong><\/a>, debe editarse la promoci\u00f3n del alumno en esos estudios, borrar la nota media exisitente y pulsar en guardar. En ese momento la aplicaci\u00f3n recalcular\u00e1 la nota media. D\u00f3nde editar la promoci\u00f3n: editando un alumno, en el apartado Evaluaci\u00f3n promoci\u00f3n; en Evaluaci\u00f3n &gt; Promoci\u00f3n por grupo.<\/p>\n<p>Todos los centros con matr\u00edcula de bachillerato tienen en su configuraci\u00f3n dadas de alta estos nuevos valores.<\/p>\n","protected":false},"excerpt":{"rendered":"<p>Para mejorar los expedientes de alumnos de bachillerato en r\u00e9gimen A distancia y Nocturno se introdujeron nuevos modelos de certificaci\u00f3n y nuevos valores para calificar manterias. Para calificar materias se han introducido los valores: Materias superadas\u00a0cursadas en a\u00f1os anteriores: C5,&hellip;<\/p>\n<p class=\"more-link-p\"><a class=\"more-link\" target=\"blank\" href=\"https:\/\/blog.intef.es\/alboran\/2021\/06\/04\/ies-exclusion-de-materias-del-expediente-de-un-estudiante\/\">Leer m\u00e1s &rarr;<\/a><\/p>\n","protected":false},"author":302,"featured_media":0,"comment_status":"open","ping_status":"open","sticky":false,"template":"","format":"standard","meta":{"footnotes":""},"categories":[2],"tags":[212,211,132,210,80,209],"_links":{"self":[{"href":"https:\/\/blog.intef.es\/alboran\/wp-json\/wp\/v2\/posts\/1397"}],"collection":[{"href":"https:\/\/blog.intef.es\/alboran\/wp-json\/wp\/v2\/posts"}],"about":[{"href":"https:\/\/blog.intef.es\/alboran\/wp-json\/wp\/v2\/types\/post"}],"author":[{"embeddable":true,"href":"https:\/\/blog.intef.es\/alboran\/wp-json\/wp\/v2\/users\/302"}],"replies":[{"embeddable":true,"href":"https:\/\/blog.intef.es\/alboran\/wp-json\/wp\/v2\/comments?post=1397"}],"version-history":[{"count":8,"href":"https:\/\/blog.intef.es\/alboran\/wp-json\/wp\/v2\/posts\/1397\/revisions"}],"predecessor-version":[{"id":1405,"href":"https:\/\/blog.intef.es\/alboran\/wp-json\/wp\/v2\/posts\/1397\/revisions\/1405"}],"wp:attachment":[{"href":"https:\/\/blog.intef.es\/alboran\/wp-json\/wp\/v2\/media?parent=1397"}],"wp:term":[{"taxonomy":"category","embeddable":true,"href":"https:\/\/blog.intef.es\/alboran\/wp-json\/wp\/v2\/categories?post=1397"},{"taxonomy":"post_tag","embeddable":true,"href":"https:\/\/blog.intef.es\/alboran\/wp-json\/wp\/v2\/tags?post=1397"}],"curies":[{"name":"wp","href":"https:\/\/api.w.org\/{rel}","templated":true}]}}