{"id":1442,"date":"2021-07-05T14:38:36","date_gmt":"2021-07-05T12:38:36","guid":{"rendered":"https:\/\/blog.intef.es\/alboran\/?p=1442"},"modified":"2021-07-15T14:25:06","modified_gmt":"2021-07-15T12:25:06","slug":"ies-registro-de-matricula-de-honor-a-final-de-un-curso","status":"publish","type":"post","link":"https:\/\/blog.intef.es\/alboran\/2021\/07\/05\/ies-registro-de-matricula-de-honor-a-final-de-un-curso\/","title":{"rendered":"IES: Registro de matr\u00edcula de honor a final de un curso"},"content":{"rendered":"<p>El registro de la <span style=\"color: #3366ff\"><strong>matr\u00edcula de honor<\/strong><\/span> como calificaci\u00f3n final de curso, ya sea un curso intermedio o el \u00faltimo curso de una etapa, debe realizarse editando el expediente del alumno, en el <strong><span style=\"color: #3366ff\">apartado Evaluaci\u00f3n de la promoci\u00f3n<\/span><\/strong>.<\/p>\n<p>Esta informaci\u00f3n ya aparece reflejada en los historiales acad\u00e9micos de ESO y Bachillerato.<\/p>\n<p>Para\u00a0todos los estudios que se imparten en centros de secundaria, se visualizar\u00e1 en el certificado gen\u00e9rico para cualquier estudio asociado a\u00a0la nota de final de etapa cuando se d\u00e9 la situaci\u00f3n.<\/p>\n","protected":false},"excerpt":{"rendered":"<p>El registro de la matr\u00edcula de honor como calificaci\u00f3n final de curso, ya sea un curso intermedio o el \u00faltimo curso de una etapa, debe realizarse editando el expediente del alumno, en el apartado Evaluaci\u00f3n de la promoci\u00f3n. Esta informaci\u00f3n&hellip;<\/p>\n<p class=\"more-link-p\"><a class=\"more-link\" target=\"blank\" href=\"https:\/\/blog.intef.es\/alboran\/2021\/07\/05\/ies-registro-de-matricula-de-honor-a-final-de-un-curso\/\">Leer m\u00e1s &rarr;<\/a><\/p>\n","protected":false},"author":302,"featured_media":0,"comment_status":"open","ping_status":"open","sticky":false,"template":"","format":"standard","meta":{"footnotes":""},"categories":[2],"tags":[219,218,51],"_links":{"self":[{"href":"https:\/\/blog.intef.es\/alboran\/wp-json\/wp\/v2\/posts\/1442"}],"collection":[{"href":"https:\/\/blog.intef.es\/alboran\/wp-json\/wp\/v2\/posts"}],"about":[{"href":"https:\/\/blog.intef.es\/alboran\/wp-json\/wp\/v2\/types\/post"}],"author":[{"embeddable":true,"href":"https:\/\/blog.intef.es\/alboran\/wp-json\/wp\/v2\/users\/302"}],"replies":[{"embeddable":true,"href":"https:\/\/blog.intef.es\/alboran\/wp-json\/wp\/v2\/comments?post=1442"}],"version-history":[{"count":4,"href":"https:\/\/blog.intef.es\/alboran\/wp-json\/wp\/v2\/posts\/1442\/revisions"}],"predecessor-version":[{"id":1461,"href":"https:\/\/blog.intef.es\/alboran\/wp-json\/wp\/v2\/posts\/1442\/revisions\/1461"}],"wp:attachment":[{"href":"https:\/\/blog.intef.es\/alboran\/wp-json\/wp\/v2\/media?parent=1442"}],"wp:term":[{"taxonomy":"category","embeddable":true,"href":"https:\/\/blog.intef.es\/alboran\/wp-json\/wp\/v2\/categories?post=1442"},{"taxonomy":"post_tag","embeddable":true,"href":"https:\/\/blog.intef.es\/alboran\/wp-json\/wp\/v2\/tags?post=1442"}],"curies":[{"name":"wp","href":"https:\/\/api.w.org\/{rel}","templated":true}]}}