{"id":1482,"date":"2021-08-24T08:53:13","date_gmt":"2021-08-24T06:53:13","guid":{"rendered":"https:\/\/blog.intef.es\/alboran\/?p=1482"},"modified":"2021-08-24T08:53:13","modified_gmt":"2021-08-24T06:53:13","slug":"ies-asignar-grupo-a-matriculas-sin-grupo","status":"publish","type":"post","link":"https:\/\/blog.intef.es\/alboran\/2021\/08\/24\/ies-asignar-grupo-a-matriculas-sin-grupo\/","title":{"rendered":"IES: Asignar grupo a matr\u00edculas sin grupo"},"content":{"rendered":"<p>En ciertas ocasiones puede ocurrir que se realicen matr\u00edculas en estudios sin que se asigne el grupo de alumnos en el que se desarrollar\u00e1n los estudios. Esto puede ocurrir por errores durante la promoci\u00f3n o por inter\u00e9s del centro que no tenga definidos los criterios de configuraci\u00f3n\/asignaci\u00f3n de grupos en un determinado estudio.<\/p>\n<p>Una vez creados los grupos de alumnos, para asignar grupo a estas matr\u00edculas puede procederse de las siguientes maneras.<\/p>\n<ol>\n<li>Colectiva. En el apartado Utilidades &gt; Asignaci\u00f3n de grupos, deber\u00e1n completarse los filtros Estudios,\u00a0Curso, Grupo (dejar vac\u00edo), Turno,\u00a0Estados, hasta que aparezca la lista de alumnos correspondiente, y en el selector de grupo que hay al final del listado elegir el grupo que corresponda de los que tenga creados el centro para los estudios, curso y turno seleccionados.<\/li>\n<li>Individual. En el listado de alumnos que se recupera en el apartado Alumnado &gt; Alumnos, utilizar los elementos de filtrado para obtener los alumnos en esta situaci\u00f3n, o utilizar el recorrido de p\u00e1ginas. Una vez localizado un alumno, editar su matr\u00edcula (icono\u00a0<a href=\"https:\/\/blog.intef.es\/alboran\/wp-content\/uploads\/2020\/01\/alboran_icono_editar_matricula.png\"><img loading=\"lazy\" decoding=\"async\" class=\"alignnone size-full wp-image-1031\" src=\"https:\/\/blog.intef.es\/alboran\/wp-content\/uploads\/2020\/01\/alboran_icono_editar_matricula.png\" alt=\"\" width=\"29\" height=\"27\" \/><\/a>) y en ella asignarle el grupo que corresponda. Si estuviera activada la opci\u00f3n\u00a0Sin grupo para recrear expediente, debe desactivarse para que se active el selector de grupos. Al asignar grupo a una matr\u00edcula autom\u00e1ticamente tambi\u00e9n se le asigna el turno que tiene el grupo de alumnos.<\/li>\n<\/ol>\n<p>Los pasos indicados pueden utilizarse tambi\u00e9n durante el inicio de curso para cambiar la asignaci\u00f3n de grupo a una matr\u00edcula. Una vez iniciado el curso el cambio de grupo de una matr\u00edcula deber\u00e1 realizarse desde soporte.albor\u00e1n porque el registro de actividades acad\u00e9micas de una matr\u00edcula convierte este cambio en una tarea m\u00e1s compleja.<\/p>\n","protected":false},"excerpt":{"rendered":"<p>En ciertas ocasiones puede ocurrir que se realicen matr\u00edculas en estudios sin que se asigne el grupo de alumnos en el que se desarrollar\u00e1n los estudios. Esto puede ocurrir por errores durante la promoci\u00f3n o por inter\u00e9s del centro que&hellip;<\/p>\n<p class=\"more-link-p\"><a class=\"more-link\" target=\"blank\" href=\"https:\/\/blog.intef.es\/alboran\/2021\/08\/24\/ies-asignar-grupo-a-matriculas-sin-grupo\/\">Leer m\u00e1s &rarr;<\/a><\/p>\n","protected":false},"author":302,"featured_media":0,"comment_status":"open","ping_status":"open","sticky":false,"template":"","format":"standard","meta":{"footnotes":""},"categories":[2,66],"tags":[233,230,232,231,229,234],"_links":{"self":[{"href":"https:\/\/blog.intef.es\/alboran\/wp-json\/wp\/v2\/posts\/1482"}],"collection":[{"href":"https:\/\/blog.intef.es\/alboran\/wp-json\/wp\/v2\/posts"}],"about":[{"href":"https:\/\/blog.intef.es\/alboran\/wp-json\/wp\/v2\/types\/post"}],"author":[{"embeddable":true,"href":"https:\/\/blog.intef.es\/alboran\/wp-json\/wp\/v2\/users\/302"}],"replies":[{"embeddable":true,"href":"https:\/\/blog.intef.es\/alboran\/wp-json\/wp\/v2\/comments?post=1482"}],"version-history":[{"count":1,"href":"https:\/\/blog.intef.es\/alboran\/wp-json\/wp\/v2\/posts\/1482\/revisions"}],"predecessor-version":[{"id":1483,"href":"https:\/\/blog.intef.es\/alboran\/wp-json\/wp\/v2\/posts\/1482\/revisions\/1483"}],"wp:attachment":[{"href":"https:\/\/blog.intef.es\/alboran\/wp-json\/wp\/v2\/media?parent=1482"}],"wp:term":[{"taxonomy":"category","embeddable":true,"href":"https:\/\/blog.intef.es\/alboran\/wp-json\/wp\/v2\/categories?post=1482"},{"taxonomy":"post_tag","embeddable":true,"href":"https:\/\/blog.intef.es\/alboran\/wp-json\/wp\/v2\/tags?post=1482"}],"curies":[{"name":"wp","href":"https:\/\/api.w.org\/{rel}","templated":true}]}}