{"id":1487,"date":"2021-08-30T10:03:44","date_gmt":"2021-08-30T08:03:44","guid":{"rendered":"https:\/\/blog.intef.es\/alboran\/?p=1487"},"modified":"2024-02-26T15:33:54","modified_gmt":"2024-02-26T14:33:54","slug":"ies-certificacion-generica-para-cualquier-estudio","status":"publish","type":"post","link":"https:\/\/blog.intef.es\/alboran\/2021\/08\/30\/ies-certificacion-generica-para-cualquier-estudio\/","title":{"rendered":"IES: Certificado gen\u00e9rico para cualquier estudio"},"content":{"rendered":"<p>La emisi\u00f3n de certificados para un alumno y estudio <span style=\"color: #3366ff\"><strong>se realiza sobre las calificaciones\u00a0finales de cada materia\/asignatura\/m\u00f3dulo profesinal, de la convocatoria ordinaria y extraorodinaria<\/strong><\/span>\u00a0(extraordinaria si est\u00e1 suspendida la convocatoria ordinaria y si corresponde por estudios) y <span style=\"color: #3366ff\"><strong>requiere<\/strong><\/span> de que est\u00e9n <span style=\"color: #3366ff\"><strong>correctamente definidos los <a style=\"color: #3366ff\" href=\"https:\/\/blog.intef.es\/alboran\/2016\/07\/14\/establecer-director-secretario-o-jefe-de-estudios\/\" target=\"_blank\">cargos de director y secretario del centro<\/a><\/strong><\/span> y de que est\u00e9\u00a0<span style=\"color: #3366ff\"><strong><a style=\"color: #3366ff\" href=\"https:\/\/blog.intef.es\/alboran\/2019\/10\/03\/decision-de-promocion-en-todos-los-estudios\/\" target=\"_blank\">anotada la decisi\u00f3n de promoci\u00f3n<\/a>\u00a0correspondiente<\/strong><\/span> sobre las matr\u00edculas asociadas al estudio.<\/p>\n<p>El registro de la decisi\u00f3n de promoci\u00f3n sobre cada matr\u00edcula equivale a que el alumno ha finalizado el curso y se ha reunido la junta de evaluaci\u00f3n y ha decidido si repite, promociona al siguiente curso o titula (cuando es el \u00faltimo curso de un estudio). Si un alumno tiene registradas las calificaciones finales y la decisi\u00f3n sobre la promoci\u00f3n no est\u00e1 anotada, la aplicaci\u00f3n no recuperar\u00e1 ninguan calificaci\u00f3n.<\/p>\n<p>El certificado gen\u00e9rico que emite Albor\u00e1n para cualquier estudio tiene los siguientes textos condicionales:<\/p>\n<ul>\n<li><strong><span style=\"color: #3366ff\">\u00abhabiendo sido propuesto para la obtenci\u00f3n del t\u00edtulo de Graduado en E.S.O.\u00bb<\/span><\/strong><\/li>\n<\/ul>\n<p style=\"padding-left: 60px\">Este texto se incluye cuando un alumno de la ESO en el 4\u00ba curso tienen una promoci\u00f3n positiva.<\/p>\n<ul>\n<li><strong><span style=\"color: #3366ff\">\u00abhabiendo sido propuesto para la obtenci\u00f3n del t\u00edtulo\u00bb<\/span><\/strong><\/li>\n<\/ul>\n<p style=\"padding-left: 60px\">Este texto se incluye para el resto de estudios cuando el alumno tiene promoci\u00f3n positiva en el \u00faltimo curso de los estudios y el centro ha creado una propuesta de solicitud de t\u00edtulo, es decir, el alumno ha pagado las tasas correspondientes. Para los alumnos de FP B\u00e1sica, requiere que se haya creado la propuesta de t\u00edtulo, y, si se ha creado tambi\u00e9n la propuesta para Graduado en E.S.O., tambi\u00e9n se incluir\u00eda el texto correspondiente.<\/p>\n","protected":false},"excerpt":{"rendered":"<p>La emisi\u00f3n de certificados para un alumno y estudio se realiza sobre las calificaciones\u00a0finales de cada materia\/asignatura\/m\u00f3dulo profesinal, de la convocatoria ordinaria y extraorodinaria\u00a0(extraordinaria si est\u00e1 suspendida la convocatoria ordinaria y si corresponde por estudios) y requiere de que est\u00e9n&hellip;<\/p>\n<p class=\"more-link-p\"><a class=\"more-link\" target=\"blank\" href=\"https:\/\/blog.intef.es\/alboran\/2021\/08\/30\/ies-certificacion-generica-para-cualquier-estudio\/\">Leer m\u00e1s &rarr;<\/a><\/p>\n","protected":false},"author":302,"featured_media":0,"comment_status":"open","ping_status":"open","sticky":false,"template":"","format":"standard","meta":{"footnotes":""},"categories":[2,66],"tags":[238,309,308,83,235,97,127,239,51,54],"_links":{"self":[{"href":"https:\/\/blog.intef.es\/alboran\/wp-json\/wp\/v2\/posts\/1487"}],"collection":[{"href":"https:\/\/blog.intef.es\/alboran\/wp-json\/wp\/v2\/posts"}],"about":[{"href":"https:\/\/blog.intef.es\/alboran\/wp-json\/wp\/v2\/types\/post"}],"author":[{"embeddable":true,"href":"https:\/\/blog.intef.es\/alboran\/wp-json\/wp\/v2\/users\/302"}],"replies":[{"embeddable":true,"href":"https:\/\/blog.intef.es\/alboran\/wp-json\/wp\/v2\/comments?post=1487"}],"version-history":[{"count":13,"href":"https:\/\/blog.intef.es\/alboran\/wp-json\/wp\/v2\/posts\/1487\/revisions"}],"predecessor-version":[{"id":2069,"href":"https:\/\/blog.intef.es\/alboran\/wp-json\/wp\/v2\/posts\/1487\/revisions\/2069"}],"wp:attachment":[{"href":"https:\/\/blog.intef.es\/alboran\/wp-json\/wp\/v2\/media?parent=1487"}],"wp:term":[{"taxonomy":"category","embeddable":true,"href":"https:\/\/blog.intef.es\/alboran\/wp-json\/wp\/v2\/categories?post=1487"},{"taxonomy":"post_tag","embeddable":true,"href":"https:\/\/blog.intef.es\/alboran\/wp-json\/wp\/v2\/tags?post=1487"}],"curies":[{"name":"wp","href":"https:\/\/api.w.org\/{rel}","templated":true}]}}