{"id":151,"date":"2016-07-14T12:49:14","date_gmt":"2016-07-14T12:49:14","guid":{"rendered":"http:\/\/pruebas-1.pntic.mec.es\/multiblog\/alboran\/?p=151"},"modified":"2021-12-09T13:54:56","modified_gmt":"2021-12-09T12:54:56","slug":"establecer-director-secretario-o-jefe-de-estudios","status":"publish","type":"post","link":"https:\/\/blog.intef.es\/alboran\/2016\/07\/14\/establecer-director-secretario-o-jefe-de-estudios\/","title":{"rendered":"IES: Establecer cargos de Director, Secretario o Jefe de Estudios"},"content":{"rendered":"<p>Para los centros de secundaria<strong><span style=\"color: #3366ff\"> (IES)<\/span><\/strong> en Albor\u00e1n los cargos de director y de\u00a0secretario deben sustentados por usuarios\u00a0profesores, de esta forma aparecen en los certificados por defecto, y por tanto deber\u00e1n estar incluidos en el listado que se recupera en Profesorado &gt; profesores.<\/p>\n<p>El personal no docente puede tener\u00a0rol secretario en Albor\u00e1n para realizar tareas en la aplicaci\u00f3n, pero eso no le hace aparecer como secretario en la documentaci\u00f3n acad\u00e9mica.<\/p>\n<p>Para\u00a0a\u00f1adir un profesor se realiza en Profesorado \/ Profesores y se pulsa a\u00f1adir. El c\u00f3digo es una clave de cuatro letras que identifica al profesor en algunos lugares de la aplicaci\u00f3n, se emplea una variaci\u00f3n del nombre, el c\u00f3digo del profesor es \u00fanico para cada centro.<\/p>\n<h2>Listado de cargos otorgables<\/h2>\n<p>Para\u00a0revisar los cargos otorgables ir a Configuraci\u00f3n \/ Profesor \/ Cargos. La mayor\u00eda de los centros tienen un listado de cargos preconfigurado.<\/p>\n<p>Al editar o a\u00f1adir un cargo se muestra\u00a0un formulario donde\u00a0se pueden establecer los cargos que se quieran pero hay c\u00f3digos reservados a ciertos cargos, que deben respetarse para el correcto funcionamiento de la aplicaci\u00f3n:<\/p>\n<ul>\n<li>DIR, para DIRECTOR<\/li>\n<li>SEC, G04 y SECS: c\u00f3digos que admite como secretario.<\/li>\n<li>JED: c\u00f3digo para jefe de estudios.<\/li>\n<\/ul>\n<h2>Otorgamiento de los cargos<\/h2>\n<p>En IES los cargos deben asignarse en varios apartados.<\/p>\n<ol>\n<li>Seleccionando un profesor en el apartado\u00a0<span style=\"color: #3366ff\"><strong>Docencia &gt; Docencia actual<\/strong><\/span> debe asign\u00e1rsele el primer cargo si va a tener m\u00e1s de uno, y siempre en este apartado deben otorgrase los cargos de <strong><span style=\"color: #3366ff\">DIRECTOR, SECRETARIO y JEFE DE ESTUDIOS<\/span><\/strong>.<\/li>\n<li>Seleccionando un profesor en el apartado <b>Otros cargos<\/b>\u00a0debe asign\u00e1rsele el\u00a0segundo y posteriores\u00a0cargos.<\/li>\n<li>En el apartado\u00a0<strong>DOC &gt; \u00d3rganos de gobierno,\u00a0<\/strong>deben volverse a asignar\/revisar los cargos. Cuando se inicia un nuevo a\u00f1o escolar, el procedimiento suele ser copiar datos del a\u00f1o anterior y a continuaci\u00f3n actualizar la informaci\u00f3n.<\/li>\n<\/ol>\n<h2>Consultar los cargos que tiene definidos un centro educativo<\/h2>\n<p>Cada centro educativo puede consultar los cargos que tiene definidos, incluidos los hist\u00f3ricos, en la consulta sql del apartado<\/p>\n<p>Utilidades &gt; Consultas &gt; Comunes &gt;\u00a0Cargos del centro educativo<\/p>\n<p>En los centros de secundaria, tambi\u00e9n puede\u00a0realizarse el mantenimiento de esta informaci\u00f3n\u00a0en Configuraci\u00f3n &gt; Profesorado &gt; Cargos.<\/p>\n<p>Los centros concertados obtendr\u00e1n tambi\u00e9n los datos de los cargos otorgados en tanto en el perfil de CEIP como en el de IES.<\/p>\n","protected":false},"excerpt":{"rendered":"<p>Para los centros de secundaria (IES) en Albor\u00e1n los cargos de director y de\u00a0secretario deben sustentados por usuarios\u00a0profesores, de esta forma aparecen en los certificados por defecto, y por tanto deber\u00e1n estar incluidos en el listado que se recupera en&hellip;<\/p>\n<p class=\"more-link-p\"><a class=\"more-link\" target=\"blank\" href=\"https:\/\/blog.intef.es\/alboran\/2016\/07\/14\/establecer-director-secretario-o-jefe-de-estudios\/\">Leer m\u00e1s &rarr;<\/a><\/p>\n","protected":false},"author":6,"featured_media":0,"comment_status":"closed","ping_status":"open","sticky":false,"template":"","format":"standard","meta":{"footnotes":""},"categories":[66],"tags":[17,69,236,235,39,40,194,50,54,163],"_links":{"self":[{"href":"https:\/\/blog.intef.es\/alboran\/wp-json\/wp\/v2\/posts\/151"}],"collection":[{"href":"https:\/\/blog.intef.es\/alboran\/wp-json\/wp\/v2\/posts"}],"about":[{"href":"https:\/\/blog.intef.es\/alboran\/wp-json\/wp\/v2\/types\/post"}],"author":[{"embeddable":true,"href":"https:\/\/blog.intef.es\/alboran\/wp-json\/wp\/v2\/users\/6"}],"replies":[{"embeddable":true,"href":"https:\/\/blog.intef.es\/alboran\/wp-json\/wp\/v2\/comments?post=151"}],"version-history":[{"count":10,"href":"https:\/\/blog.intef.es\/alboran\/wp-json\/wp\/v2\/posts\/151\/revisions"}],"predecessor-version":[{"id":1572,"href":"https:\/\/blog.intef.es\/alboran\/wp-json\/wp\/v2\/posts\/151\/revisions\/1572"}],"wp:attachment":[{"href":"https:\/\/blog.intef.es\/alboran\/wp-json\/wp\/v2\/media?parent=151"}],"wp:term":[{"taxonomy":"category","embeddable":true,"href":"https:\/\/blog.intef.es\/alboran\/wp-json\/wp\/v2\/categories?post=151"},{"taxonomy":"post_tag","embeddable":true,"href":"https:\/\/blog.intef.es\/alboran\/wp-json\/wp\/v2\/tags?post=151"}],"curies":[{"name":"wp","href":"https:\/\/api.w.org\/{rel}","templated":true}]}}