{"id":1562,"date":"2021-12-09T13:07:32","date_gmt":"2021-12-09T12:07:32","guid":{"rendered":"https:\/\/blog.intef.es\/alboran\/?p=1562"},"modified":"2021-12-09T13:16:42","modified_gmt":"2021-12-09T12:16:42","slug":"ceip-gestion-de-retrasos-faltas-de-asistencia-y-expulsiones","status":"publish","type":"post","link":"https:\/\/blog.intef.es\/alboran\/2021\/12\/09\/ceip-gestion-de-retrasos-faltas-de-asistencia-y-expulsiones\/","title":{"rendered":"CEIP: gesti\u00f3n de retrasos, faltas de asistencia y expulsiones"},"content":{"rendered":"<p>Recientemente la aplicaci\u00f3n Albor\u00e1n ha incorporado modificaciones para mejorar la gesti\u00f3n del registro de retrasos, faltas de asistencia y expulsiones.<\/p>\n<p>Esta tarea se realiza en perfil de cada alumno en el apartado asistencia.<\/p>\n<ul>\n<li>En la <span style=\"color: #3366ff\"><strong>pesta\u00f1a Detalle<\/strong><\/span>, puede editarse o a\u00f1adirse una falta: podr\u00e1 ser un retraso o una falta de asistencia, estas dos podr\u00e1n justificarse, y una expulsi\u00f3n (que no podr\u00e1 justificarse).<\/li>\n<\/ul>\n<ul>\n<li>En la <strong><span style=\"color: #3366ff\">pesta\u00f1a Calendario<\/span><\/strong>, el registro se realiza haciendo clic sobre los d\u00edas del calendario. La secuencia de clic sobre una fecha genera los siguientes registros de manera autom\u00e1tica:<\/li>\n<\/ul>\n<p style=\"padding-left: 60px\"><span style=\"color: #3366ff\">Retraso<\/span> -&gt; <span style=\"color: #00ccff\">retraso Justificado<\/span> -&gt; <span style=\"color: #ff9900\">Ausencia<\/span>\u00a0\u00a0-&gt; <span style=\"color: #008000\">ausencia Justificada<\/span>\u00a0\u00a0-&gt;<span style=\"color: #ff0000\"> Expulsi\u00f3n<\/span>\u00a0\u00a0-&gt; Borrado del registro.<\/p>\n<p><a href=\"https:\/\/blog.intef.es\/alboran\/wp-content\/uploads\/2021\/12\/ceip_faltas_por_calendario.png\"><img loading=\"lazy\" decoding=\"async\" class=\"alignnone size-large wp-image-1563\" src=\"https:\/\/blog.intef.es\/alboran\/wp-content\/uploads\/2021\/12\/ceip_faltas_por_calendario-1024x504.png\" alt=\"\" width=\"860\" height=\"423\" srcset=\"https:\/\/blog.intef.es\/alboran\/wp-content\/uploads\/2021\/12\/ceip_faltas_por_calendario-1024x504.png 1024w, https:\/\/blog.intef.es\/alboran\/wp-content\/uploads\/2021\/12\/ceip_faltas_por_calendario-300x148.png 300w, https:\/\/blog.intef.es\/alboran\/wp-content\/uploads\/2021\/12\/ceip_faltas_por_calendario-768x378.png 768w, https:\/\/blog.intef.es\/alboran\/wp-content\/uploads\/2021\/12\/ceip_faltas_por_calendario.png 1061w\" sizes=\"(max-width: 860px) 100vw, 860px\" \/><\/a><\/p>\n<p><strong><span style=\"color: #3366ff\">Recuentos de faltas en los boletines<\/span><\/strong>:<\/p>\n<ul>\n<li>Retrasos: todos lo registros de este tipo<\/li>\n<li>Ausencias:\u00a0todos lo registros de este tipo<\/li>\n<li>Faltas justificadas:\u00a0todos lo registros de retraso o ausencia que se hayan justificado, sumar\u00e1 como m\u00e1ximo (retrasos + ausencias)<\/li>\n<li>Expulsiones: todos los registros de este tipo<\/li>\n<\/ul>\n<p>El recuento de las faltas tambi\u00e9n est\u00e1 condicionado por los intervalos de fechas definidos en los <span style=\"color: #3366ff\"><strong>peridodos de evaluaci\u00f3n<\/strong><\/span> del centro, de tal manera que se computan las faltas\u00a0comprendiada entre la fecha de inicio y fecha de fin de cada periodo de evaluaci\u00f3n.<\/p>\n","protected":false},"excerpt":{"rendered":"<p>Recientemente la aplicaci\u00f3n Albor\u00e1n ha incorporado modificaciones para mejorar la gesti\u00f3n del registro de retrasos, faltas de asistencia y expulsiones. Esta tarea se realiza en perfil de cada alumno en el apartado asistencia. En la pesta\u00f1a Detalle, puede editarse o&hellip;<\/p>\n<p class=\"more-link-p\"><a class=\"more-link\" target=\"blank\" href=\"https:\/\/blog.intef.es\/alboran\/2021\/12\/09\/ceip-gestion-de-retrasos-faltas-de-asistencia-y-expulsiones\/\">Leer m\u00e1s &rarr;<\/a><\/p>\n","protected":false},"author":302,"featured_media":0,"comment_status":"open","ping_status":"open","sticky":false,"template":"","format":"standard","meta":{"footnotes":""},"categories":[2],"tags":[31,172,161,257,258,259,256],"_links":{"self":[{"href":"https:\/\/blog.intef.es\/alboran\/wp-json\/wp\/v2\/posts\/1562"}],"collection":[{"href":"https:\/\/blog.intef.es\/alboran\/wp-json\/wp\/v2\/posts"}],"about":[{"href":"https:\/\/blog.intef.es\/alboran\/wp-json\/wp\/v2\/types\/post"}],"author":[{"embeddable":true,"href":"https:\/\/blog.intef.es\/alboran\/wp-json\/wp\/v2\/users\/302"}],"replies":[{"embeddable":true,"href":"https:\/\/blog.intef.es\/alboran\/wp-json\/wp\/v2\/comments?post=1562"}],"version-history":[{"count":7,"href":"https:\/\/blog.intef.es\/alboran\/wp-json\/wp\/v2\/posts\/1562\/revisions"}],"predecessor-version":[{"id":1571,"href":"https:\/\/blog.intef.es\/alboran\/wp-json\/wp\/v2\/posts\/1562\/revisions\/1571"}],"wp:attachment":[{"href":"https:\/\/blog.intef.es\/alboran\/wp-json\/wp\/v2\/media?parent=1562"}],"wp:term":[{"taxonomy":"category","embeddable":true,"href":"https:\/\/blog.intef.es\/alboran\/wp-json\/wp\/v2\/categories?post=1562"},{"taxonomy":"post_tag","embeddable":true,"href":"https:\/\/blog.intef.es\/alboran\/wp-json\/wp\/v2\/tags?post=1562"}],"curies":[{"name":"wp","href":"https:\/\/api.w.org\/{rel}","templated":true}]}}