{"id":158,"date":"2016-07-14T13:07:18","date_gmt":"2016-07-14T13:07:18","guid":{"rendered":"http:\/\/pruebas-1.pntic.mec.es\/multiblog\/alboran\/?p=158"},"modified":"2017-11-24T12:49:50","modified_gmt":"2017-11-24T12:49:50","slug":"resultados-de-las-pruebas-de-evaluacion-individualizada-y-de-diagnostico-en-alboran","status":"publish","type":"post","link":"https:\/\/blog.intef.es\/alboran\/2016\/07\/14\/resultados-de-las-pruebas-de-evaluacion-individualizada-y-de-diagnostico-en-alboran\/","title":{"rendered":"Resultados de las pruebas de evaluaci\u00f3n individualizada y de diagn\u00f3stico en Albor\u00e1n"},"content":{"rendered":"<h3>1.- Men\u00fa de evaluaciones<\/h3>\n<p>Para introducir los resultados de las pruebas en Albor\u00e1n hemos habilitado una nueva opci\u00f3n en el men\u00fa evaluaciones para el rol secretario y los tutores<\/p>\n<p><img loading=\"lazy\" decoding=\"async\" class=\"alignnone size-full wp-image-159\" src=\"http:\/\/pruebas-1.pntic.mec.es\/multiblog\/alboran\/wp-content\/uploads\/sites\/20\/2016\/07\/1-4.png\" alt=\"1\" width=\"854\" height=\"211\" \/><\/p>\n<p>&nbsp;<\/p>\n<p>En el desplegable podemos seleccionar el grupo, para grupos de terceros nos aparecen 2 resultados.<\/p>\n<p><img loading=\"lazy\" decoding=\"async\" class=\"size-full wp-image-160 alignnone\" src=\"http:\/\/pruebas-1.pntic.mec.es\/multiblog\/alboran\/wp-content\/uploads\/sites\/20\/2016\/07\/2-4.png\" alt=\"2\" width=\"298\" height=\"88\" \/><\/p>\n<p>&nbsp;<\/p>\n<p>&nbsp;<\/p>\n<p>&nbsp;<\/p>\n<p>&nbsp;<\/p>\n<p>Colocando el rat\u00f3n sobre las cabeceras de la columna nos aparece el texto largo de la competencia, en este caso vemos como el c\u00f3digo PLCL3 corresponde a \u00abcompetencias en comunicaci\u00f3n ling\u00fc\u00edstica\u00bb.<\/p>\n<p>Si seleccionamos un grupo de sexto de primaria aparecen seis resultados:<\/p>\n<p><img loading=\"lazy\" decoding=\"async\" class=\"size-full wp-image-161 aligncenter\" src=\"http:\/\/pruebas-1.pntic.mec.es\/multiblog\/alboran\/wp-content\/uploads\/sites\/20\/2016\/07\/3-4.png\" alt=\"3\" width=\"634\" height=\"219\" \/><\/p>\n<p>&nbsp;<\/p>\n<h3>2.- Valoraci\u00f3n de las pruebas<\/h3>\n<p>Las valoraciones que el programa admite son:<\/p>\n<ul>\n<li>IN<\/li>\n<li>SU<\/li>\n<li>BI<\/li>\n<li>NT<\/li>\n<li>SB<\/li>\n<\/ul>\n<p>Si introducimos un valor no v\u00e1lido nos aparecer\u00e1 sombreado en rojo:<\/p>\n<p><img loading=\"lazy\" decoding=\"async\" class=\"size-full wp-image-162 aligncenter\" src=\"http:\/\/pruebas-1.pntic.mec.es\/multiblog\/alboran\/wp-content\/uploads\/sites\/20\/2016\/07\/5-3.png\" alt=\"5\" width=\"143\" height=\"74\" \/><\/p>\n<p>Si introducimos un valor correcto ser\u00eda \u00abSU\u00bb, al ser un c\u00f3digo v\u00e1lido aparece con fondo blanco.<\/p>\n<p><img loading=\"lazy\" decoding=\"async\" class=\"size-full wp-image-163 aligncenter\" src=\"http:\/\/pruebas-1.pntic.mec.es\/multiblog\/alboran\/wp-content\/uploads\/sites\/20\/2016\/07\/6-2.png\" alt=\"6\" width=\"76\" height=\"62\" \/><\/p>\n<p>Estas valoraciones se obtienen de los informes de cada alumno.<\/p>\n<p>&nbsp;<\/p>\n<h3>3.- Historial acad\u00e9micos<\/h3>\n<p>En la tercera p\u00e1gina del historial acad\u00e9mico aparecer\u00e1 reflejados los resultados de las pruebas en la tabla correspondiente, marcando con una X donde proceda.<\/p>\n<p><img loading=\"lazy\" decoding=\"async\" class=\"alignnone size-full wp-image-164\" src=\"http:\/\/pruebas-1.pntic.mec.es\/multiblog\/alboran\/wp-content\/uploads\/sites\/20\/2016\/07\/7.png\" alt=\"7\" width=\"796\" height=\"233\" \/><\/p>\n","protected":false},"excerpt":{"rendered":"<p>1.- Men\u00fa de evaluaciones Para introducir los resultados de las pruebas en Albor\u00e1n hemos habilitado una nueva opci\u00f3n en el men\u00fa evaluaciones para el rol secretario y los tutores &nbsp; En el desplegable podemos seleccionar el grupo, para grupos de&hellip;<\/p>\n<p class=\"more-link-p\"><a class=\"more-link\" target=\"blank\" href=\"https:\/\/blog.intef.es\/alboran\/2016\/07\/14\/resultados-de-las-pruebas-de-evaluacion-individualizada-y-de-diagnostico-en-alboran\/\">Leer m\u00e1s &rarr;<\/a><\/p>\n","protected":false},"author":6,"featured_media":0,"comment_status":"closed","ping_status":"open","sticky":false,"template":"","format":"standard","meta":{"footnotes":""},"categories":[66],"tags":[24,31,35,37,52],"_links":{"self":[{"href":"https:\/\/blog.intef.es\/alboran\/wp-json\/wp\/v2\/posts\/158"}],"collection":[{"href":"https:\/\/blog.intef.es\/alboran\/wp-json\/wp\/v2\/posts"}],"about":[{"href":"https:\/\/blog.intef.es\/alboran\/wp-json\/wp\/v2\/types\/post"}],"author":[{"embeddable":true,"href":"https:\/\/blog.intef.es\/alboran\/wp-json\/wp\/v2\/users\/6"}],"replies":[{"embeddable":true,"href":"https:\/\/blog.intef.es\/alboran\/wp-json\/wp\/v2\/comments?post=158"}],"version-history":[{"count":1,"href":"https:\/\/blog.intef.es\/alboran\/wp-json\/wp\/v2\/posts\/158\/revisions"}],"predecessor-version":[{"id":516,"href":"https:\/\/blog.intef.es\/alboran\/wp-json\/wp\/v2\/posts\/158\/revisions\/516"}],"wp:attachment":[{"href":"https:\/\/blog.intef.es\/alboran\/wp-json\/wp\/v2\/media?parent=158"}],"wp:term":[{"taxonomy":"category","embeddable":true,"href":"https:\/\/blog.intef.es\/alboran\/wp-json\/wp\/v2\/categories?post=158"},{"taxonomy":"post_tag","embeddable":true,"href":"https:\/\/blog.intef.es\/alboran\/wp-json\/wp\/v2\/tags?post=158"}],"curies":[{"name":"wp","href":"https:\/\/api.w.org\/{rel}","templated":true}]}}