{"id":1618,"date":"2022-07-19T09:32:06","date_gmt":"2022-07-19T07:32:06","guid":{"rendered":"https:\/\/blog.intef.es\/alboran\/?p=1618"},"modified":"2022-08-22T12:31:00","modified_gmt":"2022-08-22T10:31:00","slug":"fp-certificacion-de-las-unidades-de-competencia-asociadas-a-modulos-profesionales","status":"publish","type":"post","link":"https:\/\/blog.intef.es\/alboran\/2022\/07\/19\/fp-certificacion-de-las-unidades-de-competencia-asociadas-a-modulos-profesionales\/","title":{"rendered":"FP: Certificaci\u00f3n de las unidades de competencia asociadas a m\u00f3dulos profesionales"},"content":{"rendered":"<h1>Situaci\u00f3n actual<\/h1>\n<p>Uno de los objetivos de la nueva ley de formaci\u00f3n profesional es establecer los cauces para que un ciudadano pueda acreditar su competencia profesional.<\/p>\n<p>En cuanto a la formaci\u00f3n regulada por ley, los nuevos estudios de ciclos formativos de formaci\u00f3n profesional se organizan en m\u00f3dulos profesionales teniendo cada uno de los m\u00f3dulos asociadas unidades de competencia.<\/p>\n<p>Para facilitar que la formaci\u00f3n cursada en los centros que utilizan la aplicaci\u00f3n Albor\u00e1n pueda acreditar las unidades de competencia adquiridas por un alumno asociadas a los m\u00f3dulos profesionales superados de un estudio, se han incorporado documentos de certificaci\u00f3n que recojen los m\u00f3dulos cursados y las unidades de competencia asociadas a los m\u00f3dulos superados y tambi\u00e9n un sistema para registrar concurrentemente entre todos los centros las unidades de competencia asociadas a cada m\u00f3dulo profesional.<\/p>\n<p>El\u00a0art\u00edculo 42 del Real Decreto 1147\/2011, de 29 de julio, por el que se regula la oferta de m\u00f3dulos profesionales incluidos en t\u00edtulos y asociados a\u00a0<b>unidades de competencia del Cat\u00e1logo Nacional de Cualificaciones Profesionales<\/b>\u00a0para personas con experiencia laboral que no tengan las condiciones establecidas para el acceso a los ciclos formativos. La inclusi\u00f3n de esta oferta en la aplicaci\u00f3n Albor\u00e1n debe llevar asociada la certificaci\u00f3n de las unidades de competencia asociadas a cada m\u00f3dulo profesional.<\/p>\n<h1>Documentos de certificaci\u00f3n<\/h1>\n<p>En el expediente de un alumno, en el apartado listados, se encuentran los siguientes documentos:<\/p>\n<ul>\n<li>Certificaci\u00f3n acad\u00e9mica de estudios de FP &#8211; con detalle convocatorias<\/li>\n<li>Certificacion academica de estudios de FP &#8211; Matricula modular (utilizable \u00fanicamente para expedientes de matr\u00edcula modular)<\/li>\n<li>Certificaci\u00f3n acad\u00e9mica de estudios de FP &#8211; obtenci\u00f3n t\u00edtulo<\/li>\n<li>Certificaci\u00f3n acad\u00e9mica de estudios de FP &#8211; obtenci\u00f3n t\u00edtulo<\/li>\n<\/ul>\n<p>En todos ellos aparecer\u00e1n el detalle de unidades de competencia asociadas a los m\u00f3dulos profesionales <span style=\"color: #3366ff\"><strong>siempre que estas est\u00e9n registradas por el centro educativo en la aplicaci\u00f3n Albor\u00e1n<\/strong><\/span>.<\/p>\n<h1>Registro de unidades de competencia de cada m\u00f3dulo profesional<\/h1>\n<p>En el apartado Configuraci\u00f3n &gt; Planes de estudio, al editar los estudios de ciclos formativos de FP se accede a los cursos y m\u00f3dulos profesionales de cada uno.<\/p>\n<p>Si se elige\/edita un curso y dentro de ese curso se elige\/edita un m\u00f3dulo profesional, aparecer\u00e1n la relaci\u00f3n de unidades de competencia registradas en la aplicaci\u00f3n.<\/p>\n<p><a href=\"https:\/\/blog.intef.es\/alboran\/wp-content\/uploads\/2022\/07\/unidades-de-competencia-1.png\"><img loading=\"lazy\" decoding=\"async\" class=\"alignnone size-large wp-image-1799\" src=\"https:\/\/blog.intef.es\/alboran\/wp-content\/uploads\/2022\/07\/unidades-de-competencia-1-1024x628.png\" alt=\"\" width=\"860\" height=\"527\" srcset=\"https:\/\/blog.intef.es\/alboran\/wp-content\/uploads\/2022\/07\/unidades-de-competencia-1-1024x628.png 1024w, https:\/\/blog.intef.es\/alboran\/wp-content\/uploads\/2022\/07\/unidades-de-competencia-1-300x184.png 300w, https:\/\/blog.intef.es\/alboran\/wp-content\/uploads\/2022\/07\/unidades-de-competencia-1-768x471.png 768w, https:\/\/blog.intef.es\/alboran\/wp-content\/uploads\/2022\/07\/unidades-de-competencia-1.png 1323w\" sizes=\"(max-width: 860px) 100vw, 860px\" \/><\/a><\/p>\n<p>Este registro lo realizan los centros\u00a0porque\u00a0no se cuenta con la posibilidad de conectar con repositorios digitales internos del Ministerio donde est\u00e9n definidas las asociaciones entre m\u00f3dulos profesionales y unidades de competencia.<\/p>\n","protected":false},"excerpt":{"rendered":"<p>Situaci\u00f3n actual Uno de los objetivos de la nueva ley de formaci\u00f3n profesional es establecer los cauces para que un ciudadano pueda acreditar su competencia profesional. En cuanto a la formaci\u00f3n regulada por ley, los nuevos estudios de ciclos formativos&hellip;<\/p>\n<p class=\"more-link-p\"><a class=\"more-link\" target=\"blank\" href=\"https:\/\/blog.intef.es\/alboran\/2022\/07\/19\/fp-certificacion-de-las-unidades-de-competencia-asociadas-a-modulos-profesionales\/\">Leer m\u00e1s &rarr;<\/a><\/p>\n","protected":false},"author":302,"featured_media":0,"comment_status":"open","ping_status":"open","sticky":false,"template":"","format":"standard","meta":{"footnotes":""},"categories":[2],"tags":[225,126,264,263,265,262,282],"_links":{"self":[{"href":"https:\/\/blog.intef.es\/alboran\/wp-json\/wp\/v2\/posts\/1618"}],"collection":[{"href":"https:\/\/blog.intef.es\/alboran\/wp-json\/wp\/v2\/posts"}],"about":[{"href":"https:\/\/blog.intef.es\/alboran\/wp-json\/wp\/v2\/types\/post"}],"author":[{"embeddable":true,"href":"https:\/\/blog.intef.es\/alboran\/wp-json\/wp\/v2\/users\/302"}],"replies":[{"embeddable":true,"href":"https:\/\/blog.intef.es\/alboran\/wp-json\/wp\/v2\/comments?post=1618"}],"version-history":[{"count":9,"href":"https:\/\/blog.intef.es\/alboran\/wp-json\/wp\/v2\/posts\/1618\/revisions"}],"predecessor-version":[{"id":1803,"href":"https:\/\/blog.intef.es\/alboran\/wp-json\/wp\/v2\/posts\/1618\/revisions\/1803"}],"wp:attachment":[{"href":"https:\/\/blog.intef.es\/alboran\/wp-json\/wp\/v2\/media?parent=1618"}],"wp:term":[{"taxonomy":"category","embeddable":true,"href":"https:\/\/blog.intef.es\/alboran\/wp-json\/wp\/v2\/categories?post=1618"},{"taxonomy":"post_tag","embeddable":true,"href":"https:\/\/blog.intef.es\/alboran\/wp-json\/wp\/v2\/tags?post=1618"}],"curies":[{"name":"wp","href":"https:\/\/api.w.org\/{rel}","templated":true}]}}