{"id":1787,"date":"2022-07-05T14:40:51","date_gmt":"2022-07-05T12:40:51","guid":{"rendered":"https:\/\/blog.intef.es\/alboran\/?p=1787"},"modified":"2022-07-12T13:45:57","modified_gmt":"2022-07-12T11:45:57","slug":"infantil_decision_promcion_y_matricula_por_promocion","status":"publish","type":"post","link":"https:\/\/blog.intef.es\/alboran\/2022\/07\/05\/infantil_decision_promcion_y_matricula_por_promocion\/","title":{"rendered":"CEIP: Infantil: Decisi\u00f3n de promoci\u00f3n y matr\u00edcula por promoci\u00f3n"},"content":{"rendered":"<p>La decisi\u00f3n de promoci\u00f3n de los cursos de infantil debe relizarse en el apartado\u00a0<span style=\"color: #3366ff\"><strong>Inicio de curso &gt; Promoci\u00f3n por grupo<\/strong><\/span> del a\u00f1o escolar en el que finalizan el curso o etapa los alumnos. <span style=\"color: #3366ff\"><strong>Por ello, ha de realizarse antes de que est\u00e9 activa la fecha de inicio del curso escolar siguiente.<\/strong><\/span><\/p>\n<p>Una vez registrada la decisi\u00f3n de promoci\u00f3n puede hacerse la matr\u00edcula por promoci\u00f3n en el apartado\u00a0<span style=\"color: #3366ff\"><strong>Inicio de curso\u00a0&gt;\u00a0Matr\u00edcula seg\u00fan promoci\u00f3n<\/strong><\/span> desde el mismo curso escolar en el que se registr\u00f3 la decisi\u00f3n de promoci\u00f3n.<\/p>\n<p>&nbsp;<\/p>\n","protected":false},"excerpt":{"rendered":"<p>La decisi\u00f3n de promoci\u00f3n de los cursos de infantil debe relizarse en el apartado\u00a0Inicio de curso &gt; Promoci\u00f3n por grupo del a\u00f1o escolar en el que finalizan el curso o etapa los alumnos. Por ello, ha de realizarse antes de&hellip;<\/p>\n<p class=\"more-link-p\"><a class=\"more-link\" target=\"blank\" href=\"https:\/\/blog.intef.es\/alboran\/2022\/07\/05\/infantil_decision_promcion_y_matricula_por_promocion\/\">Leer m\u00e1s &rarr;<\/a><\/p>\n","protected":false},"author":302,"featured_media":0,"comment_status":"open","ping_status":"open","sticky":false,"template":"","format":"standard","meta":{"footnotes":""},"categories":[66],"tags":[38,86,51],"_links":{"self":[{"href":"https:\/\/blog.intef.es\/alboran\/wp-json\/wp\/v2\/posts\/1787"}],"collection":[{"href":"https:\/\/blog.intef.es\/alboran\/wp-json\/wp\/v2\/posts"}],"about":[{"href":"https:\/\/blog.intef.es\/alboran\/wp-json\/wp\/v2\/types\/post"}],"author":[{"embeddable":true,"href":"https:\/\/blog.intef.es\/alboran\/wp-json\/wp\/v2\/users\/302"}],"replies":[{"embeddable":true,"href":"https:\/\/blog.intef.es\/alboran\/wp-json\/wp\/v2\/comments?post=1787"}],"version-history":[{"count":4,"href":"https:\/\/blog.intef.es\/alboran\/wp-json\/wp\/v2\/posts\/1787\/revisions"}],"predecessor-version":[{"id":1794,"href":"https:\/\/blog.intef.es\/alboran\/wp-json\/wp\/v2\/posts\/1787\/revisions\/1794"}],"wp:attachment":[{"href":"https:\/\/blog.intef.es\/alboran\/wp-json\/wp\/v2\/media?parent=1787"}],"wp:term":[{"taxonomy":"category","embeddable":true,"href":"https:\/\/blog.intef.es\/alboran\/wp-json\/wp\/v2\/categories?post=1787"},{"taxonomy":"post_tag","embeddable":true,"href":"https:\/\/blog.intef.es\/alboran\/wp-json\/wp\/v2\/tags?post=1787"}],"curies":[{"name":"wp","href":"https:\/\/api.w.org\/{rel}","templated":true}]}}