{"id":1810,"date":"2022-08-26T12:32:23","date_gmt":"2022-08-26T10:32:23","guid":{"rendered":"https:\/\/blog.intef.es\/alboran\/?p=1810"},"modified":"2022-08-30T12:12:10","modified_gmt":"2022-08-30T10:12:10","slug":"instrucciones-sobre-adaptaciones-de-planes-de-estudios-de-eso-y-bachillerato","status":"publish","type":"post","link":"https:\/\/blog.intef.es\/alboran\/2022\/08\/26\/instrucciones-sobre-adaptaciones-de-planes-de-estudios-de-eso-y-bachillerato\/","title":{"rendered":"Instrucciones sobre adaptaciones de planes de estudios de ESO y BACHILLERATO"},"content":{"rendered":"<p>Los planes de estudios de Educaci\u00f3n Secundaria Obligatoria y de Bachillerato est\u00e1n bloqueados para su edici\u00f3n por los centros educativos, pero s\u00ed pueden ser modificados por los usuarios de la aplicaci\u00f3n Albor\u00e1n con perfil de Direcci\u00f3n Provincial.<\/p>\n<p>Los planes de estudios de ESO, Diversificaci\u00f3n y Bachilleratos han sido cargados de forma masiva para todos los centros educativos a partir de la normativa correspondiente. Las adaptaciones particulares, por ejemplo para a\u00f1adir las materias de libre configuraci\u00f3n auton\u00f3mica, deber\u00e1n ser realizadas por los responsables de la Direcci\u00f3n Provincial (usuarios con rol DP), y si estos no pudieran elevar\u00e1n petici\u00f3n al equipo de soporte.alboran.<\/p>\n<p>La modificaci\u00f3n se realiza en el apartado <span style=\"color: #3366ff\">D. Provincial &gt;\u00a0Configuraci\u00f3n IES &gt;\u00a0Gesti\u00f3n de Planes de Estudio (ESO y Bachillerato)<\/span>.<\/p>\n<p>En este apartado se encontrar\u00e1 informaci\u00f3n sobre los planes de estudios <span style=\"color: #3366ff\">vigentes<\/span> y <span style=\"color: #3366ff\">archivados<\/span> de cada centro. Vigentes son los que oferta actualmente el centro educativo.<\/p>\n<p><a href=\"https:\/\/blog.intef.es\/alboran\/wp-content\/uploads\/2022\/08\/mantenimiento-planes-ESO-BACH-1.png\"><img loading=\"lazy\" decoding=\"async\" class=\"alignnone size-large wp-image-1813\" src=\"https:\/\/blog.intef.es\/alboran\/wp-content\/uploads\/2022\/08\/mantenimiento-planes-ESO-BACH-1-1024x567.png\" alt=\"\" width=\"860\" height=\"476\" srcset=\"https:\/\/blog.intef.es\/alboran\/wp-content\/uploads\/2022\/08\/mantenimiento-planes-ESO-BACH-1-1024x567.png 1024w, https:\/\/blog.intef.es\/alboran\/wp-content\/uploads\/2022\/08\/mantenimiento-planes-ESO-BACH-1-300x166.png 300w, https:\/\/blog.intef.es\/alboran\/wp-content\/uploads\/2022\/08\/mantenimiento-planes-ESO-BACH-1-768x426.png 768w, https:\/\/blog.intef.es\/alboran\/wp-content\/uploads\/2022\/08\/mantenimiento-planes-ESO-BACH-1.png 1303w\" sizes=\"(max-width: 860px) 100vw, 860px\" \/><\/a><\/p>\n<p>Una vez seleccionado el centro educativo deber\u00e1 editarse el estudio que se quiera mantener con el icono (papel y l\u00e1piz amarillo). Se mostrar\u00e1 informaci\u00f3n sobre los estudios: denominaci\u00f3n, c\u00f3digos oficiales, r\u00e9gimen, n\u00famero de cursos que lo componen, &#8230;.<\/p>\n<p><a href=\"https:\/\/blog.intef.es\/alboran\/wp-content\/uploads\/2022\/08\/mantenimiento-planes-ESO-BACH-2-estudio.png\"><img loading=\"lazy\" decoding=\"async\" class=\"alignnone size-large wp-image-1814\" src=\"https:\/\/blog.intef.es\/alboran\/wp-content\/uploads\/2022\/08\/mantenimiento-planes-ESO-BACH-2-estudio-1024x703.png\" alt=\"\" width=\"860\" height=\"590\" srcset=\"https:\/\/blog.intef.es\/alboran\/wp-content\/uploads\/2022\/08\/mantenimiento-planes-ESO-BACH-2-estudio-1024x703.png 1024w, https:\/\/blog.intef.es\/alboran\/wp-content\/uploads\/2022\/08\/mantenimiento-planes-ESO-BACH-2-estudio-300x206.png 300w, https:\/\/blog.intef.es\/alboran\/wp-content\/uploads\/2022\/08\/mantenimiento-planes-ESO-BACH-2-estudio-768x527.png 768w, https:\/\/blog.intef.es\/alboran\/wp-content\/uploads\/2022\/08\/mantenimiento-planes-ESO-BACH-2-estudio.png 1297w\" sizes=\"(max-width: 860px) 100vw, 860px\" \/><\/a><\/p>\n<p>Para ver las materias que se incluyen en cada curso acad\u00e9mico debe editarse el curso correspondiente, apareciendo el listado de materias que los componen.<\/p>\n<p><a href=\"https:\/\/blog.intef.es\/alboran\/wp-content\/uploads\/2022\/08\/mantenimiento-planes-ESO-BACH-3-estudio-curso.png\"><img loading=\"lazy\" decoding=\"async\" class=\"alignnone size-large wp-image-1815\" src=\"https:\/\/blog.intef.es\/alboran\/wp-content\/uploads\/2022\/08\/mantenimiento-planes-ESO-BACH-3-estudio-curso-1024x675.png\" alt=\"\" width=\"860\" height=\"567\" srcset=\"https:\/\/blog.intef.es\/alboran\/wp-content\/uploads\/2022\/08\/mantenimiento-planes-ESO-BACH-3-estudio-curso-1024x675.png 1024w, https:\/\/blog.intef.es\/alboran\/wp-content\/uploads\/2022\/08\/mantenimiento-planes-ESO-BACH-3-estudio-curso-300x198.png 300w, https:\/\/blog.intef.es\/alboran\/wp-content\/uploads\/2022\/08\/mantenimiento-planes-ESO-BACH-3-estudio-curso-768x506.png 768w, https:\/\/blog.intef.es\/alboran\/wp-content\/uploads\/2022\/08\/mantenimiento-planes-ESO-BACH-3-estudio-curso.png 1313w\" sizes=\"(max-width: 860px) 100vw, 860px\" \/><\/a><\/p>\n<p>En este apartado pueden a\u00f1adirse materias, que previamente habr\u00e1n de haber sido dadas de alta por el centro educativo en el apartado IES &gt; Configuraci\u00f3n &gt; Materias y Objetivos &gt; Materias. Esta tarea tambi\u00e9n puede ser realizada por un usuario con rol DP entrando como centro.<\/p>\n<p>Si una materia no va a ser ofertada por el centro puede optarse por dos opciones:<\/p>\n<ol>\n<li>Archivarla (icono pila de libros), si la materia se ha impartido y no volver\u00e1 a impartirse. Esta opci\u00f3n permite reactivar esta materia que habr\u00e1 quedado como no vigente.<\/li>\n<li>Eliminarla, si la materia nunca se ha impartido y nunca se impartir\u00e1 en el centro educativo.<\/li>\n<\/ol>\n<p><strong><span style=\"color: #3366ff\">Para que el mantenimiento sea efectivo deben respetarse los convenios de codificaci\u00f3n.<\/span><\/strong><\/p>\n<p><strong>C\u00f3digo de las materias: <\/strong><\/p>\n<ul>\n<li>ESO (E*&#8230; LOMCE, E#&#8230; LOMLOE),<\/li>\n<li>BACH (CIT*, CIT#, &#8230;)<\/li>\n<li>&#8230;<\/li>\n<\/ul>\n<p><strong>C\u00f3digos de opci\u00f3n:<\/strong><\/p>\n<ul>\n<li>OPCION -&gt; NOMBRE<br \/>\nB*ESP -&gt; Troncales BACH<br \/>\nB*IDI -&gt; Idioma BACH<br \/>\nB*LCA -&gt; Libre config.\/Dise\u00f1o pro. BACH<br \/>\nB*MOD -&gt; Troncales de opc. BACH<br \/>\nB*OPT -&gt; Optativas BACH<br \/>\nB*OTR -&gt; Optativas otras Mod. BACH<br \/>\nB*REL -&gt; Religi\u00f3n BACH<br \/>\nB*TRO -&gt; Comunes BACH<br \/>\nE*ESP -&gt; Espec\u00edficas ESO<br \/>\nE*IDI -&gt; Primer idioma ESO<br \/>\nE*LCA -&gt; Libre config. ESO<br \/>\nE*MAT -&gt; Matem\u00e1ticas ESO<br \/>\nE*OPT -&gt; Optativas ESO<br \/>\nE*TRO -&gt; Comunes ESO<\/li>\n<\/ul>\n<p><strong>C\u00f3digos de orden (1, 2, 3, &#8230;, 10, 11, &#8230;):<\/strong><\/p>\n<p style=\"padding-left: 30px\">Estos c\u00f3digos\u00a0afectan al orden de presentaci\u00f3n de las materias en las actas y suelen estar asociados a los c\u00f3digos de opci\u00f3n. Su valor condiciona el funcionamiento de muchas opciones de la aplicaci\u00f3n (actas, men\u00fas, opciones de matriculaci\u00f3n en bloque), por lo que ante un comportamiento extra\u00f1o de la\u00a0aplicaci\u00f3n debe generarse una incidencia a soporte.alboran.<\/p>\n<p><span style=\"color: #3366ff\"><strong>No alternativa a la religi\u00f3n<\/strong><\/span>:\u00a0La materia de religi\u00f3n no tiene materias alternativas. Por ello en los planes de estudio no se\u00a0 ha creado ninguna materia. Para configurar el horario de los grupos de alumnos, los centros educativos deber\u00e1n crear tareas para utilizarlas en el horario. Por ejemplo E#ATE, B#ATE\u00a0Atenci\u00f3n Educativa. Con esta tarea se podr\u00e1 crear el horario tanto para el grupo de alumnos como para el profesor\u00a0designado.<\/p>\n<p><span style=\"color: #3366ff\"><strong>Informe de inspecci\u00f3n: <\/strong>Para a\u00f1adir nuevas materias o materias propias al curr\u00edculo, si no se pudiera hacer desde el perfil DP y debiera generarse incidencia para soporte.alboran, \u00e9sta deber\u00e1 venir informada y visado por inspecci\u00f3n educativa.<\/span><\/p>\n","protected":false},"excerpt":{"rendered":"<p>Los planes de estudios de Educaci\u00f3n Secundaria Obligatoria y de Bachillerato est\u00e1n bloqueados para su edici\u00f3n por los centros educativos, pero s\u00ed pueden ser modificados por los usuarios de la aplicaci\u00f3n Albor\u00e1n con perfil de Direcci\u00f3n Provincial. Los planes de&hellip;<\/p>\n<p class=\"more-link-p\"><a class=\"more-link\" target=\"blank\" href=\"https:\/\/blog.intef.es\/alboran\/2022\/08\/26\/instrucciones-sobre-adaptaciones-de-planes-de-estudios-de-eso-y-bachillerato\/\">Leer m\u00e1s &rarr;<\/a><\/p>\n","protected":false},"author":302,"featured_media":0,"comment_status":"open","ping_status":"open","sticky":false,"template":"","format":"standard","meta":{"footnotes":""},"categories":[2,66],"tags":[292,291,290,118,284,30,285,289,283,288],"_links":{"self":[{"href":"https:\/\/blog.intef.es\/alboran\/wp-json\/wp\/v2\/posts\/1810"}],"collection":[{"href":"https:\/\/blog.intef.es\/alboran\/wp-json\/wp\/v2\/posts"}],"about":[{"href":"https:\/\/blog.intef.es\/alboran\/wp-json\/wp\/v2\/types\/post"}],"author":[{"embeddable":true,"href":"https:\/\/blog.intef.es\/alboran\/wp-json\/wp\/v2\/users\/302"}],"replies":[{"embeddable":true,"href":"https:\/\/blog.intef.es\/alboran\/wp-json\/wp\/v2\/comments?post=1810"}],"version-history":[{"count":13,"href":"https:\/\/blog.intef.es\/alboran\/wp-json\/wp\/v2\/posts\/1810\/revisions"}],"predecessor-version":[{"id":1837,"href":"https:\/\/blog.intef.es\/alboran\/wp-json\/wp\/v2\/posts\/1810\/revisions\/1837"}],"wp:attachment":[{"href":"https:\/\/blog.intef.es\/alboran\/wp-json\/wp\/v2\/media?parent=1810"}],"wp:term":[{"taxonomy":"category","embeddable":true,"href":"https:\/\/blog.intef.es\/alboran\/wp-json\/wp\/v2\/categories?post=1810"},{"taxonomy":"post_tag","embeddable":true,"href":"https:\/\/blog.intef.es\/alboran\/wp-json\/wp\/v2\/tags?post=1810"}],"curies":[{"name":"wp","href":"https:\/\/api.w.org\/{rel}","templated":true}]}}