{"id":1827,"date":"2022-08-26T12:31:58","date_gmt":"2022-08-26T10:31:58","guid":{"rendered":"https:\/\/blog.intef.es\/alboran\/?p=1827"},"modified":"2022-08-30T12:11:32","modified_gmt":"2022-08-30T10:11:32","slug":"instrucciones-sobre-adaptaciones-de-planes-de-estudios-de-primaria","status":"publish","type":"post","link":"https:\/\/blog.intef.es\/alboran\/2022\/08\/26\/instrucciones-sobre-adaptaciones-de-planes-de-estudios-de-primaria\/","title":{"rendered":"Instrucciones sobre adaptaciones de planes de estudios de PRIMARIA"},"content":{"rendered":"<p>Los planes de estudios de EDUCACI\u00d3N PRIMARIA LOMLOE se han cargado masivamente desde los servicios de soporte de la aplicaci\u00f3n a partir de la normativa oficial.<\/p>\n<p>En este volcado se han recuperado las \u00e1reas de libre configuraci\u00f3n o dise\u00f1o propio que tuvieran los centros en los planes LOMCE. Los centros educativos pueden activar o desactivar la incorporaci\u00f3n de estas \u00e1reas en el plan clicando sobre la combinaci\u00f3n de nombre de materia y curso en el que se imparte. En la siguiente imagen est\u00e1n marcadas \u00e1reas de libre configuraci\u00f3n y los cursos en los que se ofrecer\u00edan.<\/p>\n<p><a href=\"https:\/\/blog.intef.es\/alboran\/wp-content\/uploads\/2022\/08\/planes-primaria-lomloe-1.png\"><img loading=\"lazy\" decoding=\"async\" class=\"alignnone size-large wp-image-1828\" src=\"https:\/\/blog.intef.es\/alboran\/wp-content\/uploads\/2022\/08\/planes-primaria-lomloe-1-1024x462.png\" alt=\"\" width=\"860\" height=\"388\" srcset=\"https:\/\/blog.intef.es\/alboran\/wp-content\/uploads\/2022\/08\/planes-primaria-lomloe-1-1024x462.png 1024w, https:\/\/blog.intef.es\/alboran\/wp-content\/uploads\/2022\/08\/planes-primaria-lomloe-1-300x135.png 300w, https:\/\/blog.intef.es\/alboran\/wp-content\/uploads\/2022\/08\/planes-primaria-lomloe-1-768x347.png 768w, https:\/\/blog.intef.es\/alboran\/wp-content\/uploads\/2022\/08\/planes-primaria-lomloe-1.png 1314w\" sizes=\"(max-width: 860px) 100vw, 860px\" \/><\/a><\/p>\n<p><span style=\"color: #3366ff\"><strong>No alternativa a la religi\u00f3n<\/strong><\/span>:\u00a0La materia de religi\u00f3n no tiene materias alternativas. Por ello en los planes de estudio no se\u00a0 ha creado ninguna materia. Para configurar el horario de los grupos de alumnos, los centros educativos deber\u00e1n crear tareas para utilizarlas en el horario. Por ejemplo P#ATE Atenci\u00f3n Educativa. Con esta tarea se podr\u00e1 crear el horario tanto para el grupo de alumnos como para el profesor\u00a0designado.<\/p>\n<p><span style=\"color: #3366ff\"><strong>Informe de inspecci\u00f3n:\u00a0<\/strong><\/span>Para a\u00f1adir nuevas materias o materias propias al curr\u00edculo,\u00a0deber\u00e1 generarse incidencia para soporte.alboran, \u00e9sta deber\u00e1 venir informada y visado por inspecci\u00f3n educativa.<\/p>\n","protected":false},"excerpt":{"rendered":"<p>Los planes de estudios de EDUCACI\u00d3N PRIMARIA LOMLOE se han cargado masivamente desde los servicios de soporte de la aplicaci\u00f3n a partir de la normativa oficial. En este volcado se han recuperado las \u00e1reas de libre configuraci\u00f3n o dise\u00f1o propio&hellip;<\/p>\n<p class=\"more-link-p\"><a class=\"more-link\" target=\"blank\" href=\"https:\/\/blog.intef.es\/alboran\/2022\/08\/26\/instrucciones-sobre-adaptaciones-de-planes-de-estudios-de-primaria\/\">Leer m\u00e1s &rarr;<\/a><\/p>\n","protected":false},"author":302,"featured_media":0,"comment_status":"open","ping_status":"open","sticky":false,"template":"","format":"standard","meta":{"footnotes":""},"categories":[66],"tags":[291,287,286,123,49],"_links":{"self":[{"href":"https:\/\/blog.intef.es\/alboran\/wp-json\/wp\/v2\/posts\/1827"}],"collection":[{"href":"https:\/\/blog.intef.es\/alboran\/wp-json\/wp\/v2\/posts"}],"about":[{"href":"https:\/\/blog.intef.es\/alboran\/wp-json\/wp\/v2\/types\/post"}],"author":[{"embeddable":true,"href":"https:\/\/blog.intef.es\/alboran\/wp-json\/wp\/v2\/users\/302"}],"replies":[{"embeddable":true,"href":"https:\/\/blog.intef.es\/alboran\/wp-json\/wp\/v2\/comments?post=1827"}],"version-history":[{"count":5,"href":"https:\/\/blog.intef.es\/alboran\/wp-json\/wp\/v2\/posts\/1827\/revisions"}],"predecessor-version":[{"id":1836,"href":"https:\/\/blog.intef.es\/alboran\/wp-json\/wp\/v2\/posts\/1827\/revisions\/1836"}],"wp:attachment":[{"href":"https:\/\/blog.intef.es\/alboran\/wp-json\/wp\/v2\/media?parent=1827"}],"wp:term":[{"taxonomy":"category","embeddable":true,"href":"https:\/\/blog.intef.es\/alboran\/wp-json\/wp\/v2\/categories?post=1827"},{"taxonomy":"post_tag","embeddable":true,"href":"https:\/\/blog.intef.es\/alboran\/wp-json\/wp\/v2\/tags?post=1827"}],"curies":[{"name":"wp","href":"https:\/\/api.w.org\/{rel}","templated":true}]}}