{"id":1855,"date":"2022-10-06T15:02:57","date_gmt":"2022-10-06T13:02:57","guid":{"rendered":"https:\/\/blog.intef.es\/alboran\/?p=1855"},"modified":"2024-06-26T09:14:56","modified_gmt":"2024-06-26T07:14:56","slug":"recuperar-profesores-de-historico","status":"publish","type":"post","link":"https:\/\/blog.intef.es\/alboran\/2022\/10\/06\/recuperar-profesores-de-historico\/","title":{"rendered":"Recuperar profesores de hist\u00f3rico"},"content":{"rendered":"<p>Los profesores de un centro educativo que fueron registrados en alg\u00fan momento en el centro est\u00e1n disponibles en el registro hist\u00f3rico.<\/p>\n<p>Para rescatar sus datos debe introducirse alg\u00fan datos en campos que puedan identificar al profesor y en las entradas del formulario<\/p>\n<p>SELECCI\u00d3N: debe elegirse <strong>hist\u00f3rico<\/strong><\/p>\n<p>ESTADO: Activo o alg\u00fan estado de baja<\/p>\n<p><strong><a href=\"https:\/\/blog.intef.es\/alboran\/wp-content\/uploads\/2022\/10\/profesor_historico_ceip.jpg\"><img loading=\"lazy\" decoding=\"async\" class=\"alignnone size-full wp-image-1856\" src=\"https:\/\/blog.intef.es\/alboran\/wp-content\/uploads\/2022\/10\/profesor_historico_ceip.jpg\" alt=\"\" width=\"953\" height=\"257\" srcset=\"https:\/\/blog.intef.es\/alboran\/wp-content\/uploads\/2022\/10\/profesor_historico_ceip.jpg 953w, https:\/\/blog.intef.es\/alboran\/wp-content\/uploads\/2022\/10\/profesor_historico_ceip-300x81.jpg 300w, https:\/\/blog.intef.es\/alboran\/wp-content\/uploads\/2022\/10\/profesor_historico_ceip-768x207.jpg 768w\" sizes=\"(max-width: 953px) 100vw, 953px\" \/><\/a><\/strong><\/p>\n<p>Sobre la lista de profesores que se muestra, debe editarse el profesor a recuperar.<br \/>\nEn <strong>IES<\/strong>, para darle docencia en el curso actual debe elegirse el submen\u00fa Docencia &gt; Curso actual y pulsar en el bot\u00f3n [A\u00f1adir], y despu\u00e9s en el bot\u00f3n [Guardar].<\/p>\n<p>En CEIP, sobre la lista de profesores que se muestra, hay que pinchar en la flecha verde para recuperar al profesor y despu\u00e9s\u00a0 editar la situaci\u00f3n del el profesor para asegurar que est\u00e1 activo\/disponible para el centro. En los centros que tengan doble perfil <strong>(CEIP e IES),<\/strong> puede ocurrir que un centro tenga problemas para recuperar a un profesor.\u00a0En estos casos, debe solicitarse a soporte.alboran la recuperaci\u00f3n del profesor en el perfil en el que no pueda\u00a0recuperarse.<\/p>\n<p>Una vez rescatado el profesor este aparecer\u00e1 en el listado de profesores del centro. A partir de ese momento hay que revisar su configuraci\u00f3n y su horario.<\/p>\n","protected":false},"excerpt":{"rendered":"<p>Los profesores de un centro educativo que fueron registrados en alg\u00fan momento en el centro est\u00e1n disponibles en el registro hist\u00f3rico. Para rescatar sus datos debe introducirse alg\u00fan datos en campos que puedan identificar al profesor y en las entradas&hellip;<\/p>\n<p class=\"more-link-p\"><a class=\"more-link\" target=\"blank\" href=\"https:\/\/blog.intef.es\/alboran\/2022\/10\/06\/recuperar-profesores-de-historico\/\">Leer m\u00e1s &rarr;<\/a><\/p>\n","protected":false},"author":302,"featured_media":0,"comment_status":"open","ping_status":"open","sticky":false,"template":"","format":"standard","meta":{"footnotes":""},"categories":[2],"tags":[300,299,298],"_links":{"self":[{"href":"https:\/\/blog.intef.es\/alboran\/wp-json\/wp\/v2\/posts\/1855"}],"collection":[{"href":"https:\/\/blog.intef.es\/alboran\/wp-json\/wp\/v2\/posts"}],"about":[{"href":"https:\/\/blog.intef.es\/alboran\/wp-json\/wp\/v2\/types\/post"}],"author":[{"embeddable":true,"href":"https:\/\/blog.intef.es\/alboran\/wp-json\/wp\/v2\/users\/302"}],"replies":[{"embeddable":true,"href":"https:\/\/blog.intef.es\/alboran\/wp-json\/wp\/v2\/comments?post=1855"}],"version-history":[{"count":4,"href":"https:\/\/blog.intef.es\/alboran\/wp-json\/wp\/v2\/posts\/1855\/revisions"}],"predecessor-version":[{"id":2176,"href":"https:\/\/blog.intef.es\/alboran\/wp-json\/wp\/v2\/posts\/1855\/revisions\/2176"}],"wp:attachment":[{"href":"https:\/\/blog.intef.es\/alboran\/wp-json\/wp\/v2\/media?parent=1855"}],"wp:term":[{"taxonomy":"category","embeddable":true,"href":"https:\/\/blog.intef.es\/alboran\/wp-json\/wp\/v2\/categories?post=1855"},{"taxonomy":"post_tag","embeddable":true,"href":"https:\/\/blog.intef.es\/alboran\/wp-json\/wp\/v2\/tags?post=1855"}],"curies":[{"name":"wp","href":"https:\/\/api.w.org\/{rel}","templated":true}]}}