{"id":1919,"date":"2023-01-26T13:37:18","date_gmt":"2023-01-26T12:37:18","guid":{"rendered":"https:\/\/blog.intef.es\/alboran\/?p=1919"},"modified":"2024-02-19T08:03:24","modified_gmt":"2024-02-19T07:03:24","slug":"configuracion-de-los-planes-de-estudios-de-bachilleratos-lomloe","status":"publish","type":"post","link":"https:\/\/blog.intef.es\/alboran\/2023\/01\/26\/configuracion-de-los-planes-de-estudios-de-bachilleratos-lomloe\/","title":{"rendered":"Configuraci\u00f3n de los planes de estudios de bachilleratos LOMLOE. Matriculaci\u00f3n optativas"},"content":{"rendered":"<p>Para poder interpretar la Orden EFP\/755\/2022, de 31 de julio, por la que se establece el curr\u00edculo y se regula la ordenaci\u00f3n del Bachillerato\u00a0en el \u00e1mbito de gesti\u00f3n del Ministerio de Educaci\u00f3n y Formaci\u00f3n Profesional, y poder representar todas las opciones posibles de matriculaci\u00f3n\u00a0en los documentos de evaluaci\u00f3n, ha sido necesario reconfigurar los planes de estudios y el funcionamiento de la aplicaci\u00f3n Albor\u00e1n en los\u00a0distintos apartados que gestionan la matriculaci\u00f3n.<\/p>\n<p>Los cambios en los planes afectan a el valor de <span style=\"color: #3366ff\"><strong>OPCI\u00d3N y ORDEN<\/strong><\/span>. Los nuevos valores son:<\/p>\n<p><strong>GRUPO DE MATERIAS | OPCI\u00d3N | ORDEN<\/strong><br \/>\nComunes | COM | 1, 2, 3<br \/>\nIdioma | COM | 4 para primeras lenguas extranjeras<br \/>\nModalidad | MOD | 5 de modalidad espec\u00edfica a elegir 1, 6 de modalidad a elegir 2<br \/>\nOptativas | OPT | 7 optativas, 8 para segundas lenguas extranjeras, 9 para materias de modalidad de otras especialidades<br \/>\nReligi\u00f3n | REL | 10<br \/>\nTutor\u00eda | TUT | 11<\/p>\n<p>Tambi\u00e9n se han realizado la adaptaci\u00f3n del valor de <span style=\"color: #3366ff\"><strong>OPCI\u00d3N en las materias de la matr\u00edcula de cada alumno<\/strong><\/span> para que se adapten a la nueva configuraci\u00f3n.<\/p>\n<p>Si un alumno quisiera <strong><span style=\"color: #3366ff\">cursar como optativa una materia de modalidad de entre las de la especialidad en que se ha matriculado<\/span><\/strong>, el procedimiento es el siguiente:<\/p>\n<ol>\n<li>No se matricular\u00e1 en ninguna optativa<\/li>\n<li>Se matricular\u00e1 en la materia de modalidad espec\u00edfica m\u00e1s otras tres de modalidad<\/li>\n<li>En la matr\u00edcula del alumno, se editar\u00e1 la materia de modalidad que se va a cursar como optativa y en el formulario de edici\u00f3n se configurar\u00e1 como OPTATIVA.<\/li>\n<\/ol>\n","protected":false},"excerpt":{"rendered":"<p>Para poder interpretar la Orden EFP\/755\/2022, de 31 de julio, por la que se establece el curr\u00edculo y se regula la ordenaci\u00f3n del Bachillerato\u00a0en el \u00e1mbito de gesti\u00f3n del Ministerio de Educaci\u00f3n y Formaci\u00f3n Profesional, y poder representar todas las&hellip;<\/p>\n<p class=\"more-link-p\"><a class=\"more-link\" target=\"blank\" href=\"https:\/\/blog.intef.es\/alboran\/2023\/01\/26\/configuracion-de-los-planes-de-estudios-de-bachilleratos-lomloe\/\">Leer m\u00e1s &rarr;<\/a><\/p>\n","protected":false},"author":302,"featured_media":0,"comment_status":"open","ping_status":"open","sticky":false,"template":"","format":"standard","meta":{"footnotes":""},"categories":[66],"tags":[310,311,86,312,171,319,313,123],"_links":{"self":[{"href":"https:\/\/blog.intef.es\/alboran\/wp-json\/wp\/v2\/posts\/1919"}],"collection":[{"href":"https:\/\/blog.intef.es\/alboran\/wp-json\/wp\/v2\/posts"}],"about":[{"href":"https:\/\/blog.intef.es\/alboran\/wp-json\/wp\/v2\/types\/post"}],"author":[{"embeddable":true,"href":"https:\/\/blog.intef.es\/alboran\/wp-json\/wp\/v2\/users\/302"}],"replies":[{"embeddable":true,"href":"https:\/\/blog.intef.es\/alboran\/wp-json\/wp\/v2\/comments?post=1919"}],"version-history":[{"count":9,"href":"https:\/\/blog.intef.es\/alboran\/wp-json\/wp\/v2\/posts\/1919\/revisions"}],"predecessor-version":[{"id":2049,"href":"https:\/\/blog.intef.es\/alboran\/wp-json\/wp\/v2\/posts\/1919\/revisions\/2049"}],"wp:attachment":[{"href":"https:\/\/blog.intef.es\/alboran\/wp-json\/wp\/v2\/media?parent=1919"}],"wp:term":[{"taxonomy":"category","embeddable":true,"href":"https:\/\/blog.intef.es\/alboran\/wp-json\/wp\/v2\/categories?post=1919"},{"taxonomy":"post_tag","embeddable":true,"href":"https:\/\/blog.intef.es\/alboran\/wp-json\/wp\/v2\/tags?post=1919"}],"curies":[{"name":"wp","href":"https:\/\/api.w.org\/{rel}","templated":true}]}}