{"id":1934,"date":"2023-02-17T09:56:33","date_gmt":"2023-02-17T08:56:33","guid":{"rendered":"https:\/\/blog.intef.es\/alboran\/?p=1934"},"modified":"2024-04-15T09:45:31","modified_gmt":"2024-04-15T07:45:31","slug":"proceso-de-adscripcion-y-admision-en-centros-sostenidos-con-fondos-publicos-en-ceuta-y-melilla-curso-20242025","status":"publish","type":"post","link":"https:\/\/blog.intef.es\/alboran\/2023\/02\/17\/proceso-de-adscripcion-y-admision-en-centros-sostenidos-con-fondos-publicos-en-ceuta-y-melilla-curso-20242025\/","title":{"rendered":"Proceso de adscripci\u00f3n y admisi\u00f3n en centros sostenidos con fondos p\u00fablicos en Ceuta y Melilla. Curso 2024\/2025"},"content":{"rendered":"<p><span style=\"color: #3366ff\"><strong><a href=\"https:\/\/blog.intef.es\/alboran\/wp-content\/uploads\/2018\/02\/admisi\u00f3n.jpg\"><img loading=\"lazy\" decoding=\"async\" class=\"alignleft wp-image-559 size-medium\" src=\"https:\/\/blog.intef.es\/alboran\/wp-content\/uploads\/2018\/02\/admisi\u00f3n-300x183.jpg\" alt=\"\" width=\"300\" height=\"183\" srcset=\"https:\/\/blog.intef.es\/alboran\/wp-content\/uploads\/2018\/02\/admisi\u00f3n-300x183.jpg 300w, https:\/\/blog.intef.es\/alboran\/wp-content\/uploads\/2018\/02\/admisi\u00f3n.jpg 575w\" sizes=\"(max-width: 300px) 100vw, 300px\" \/><\/a><span style=\"color: #3366ff\"><a style=\"color: #3366ff\" href=\"https:\/\/www.boe.es\/boe\/dias\/2024\/02\/12\/pdfs\/BOE-A-2024-2529.pdf\" target=\"_blank\" rel=\"noopener\">Resoluci\u00f3n de 7 de febrero de 2024<\/a><\/span><\/strong><\/span>, de la Secretar\u00eda de Estado de Educaci\u00f3n, por la que se regula el proceso de admisi\u00f3n de alumnos y alumnas en centros docentes p\u00fablicos y privados concertados que imparten el segundo ciclo de Educaci\u00f3n Infantil, Educaci\u00f3n Primaria, Educaci\u00f3n Secundaria Obligatoria y Bachillerato en las ciudades de Ceuta y Melilla, para el curso 2024-2025.<\/p>\n<p>Plazas vacantes:<span style=\"color: #3366ff\">\u00a0<a style=\"color: #3366ff\" href=\"https:\/\/blog.intef.es\/alboran\/2019\/04\/26\/proceso-de-admision-adscripcion-plazas-vacantes-en-los-centros\/\" target=\"_blank\" rel=\"noopener\">Instrucciones<\/a><\/span><\/p>\n<p>&nbsp;<\/p>\n<p>&nbsp;<\/p>\n<p><span style=\"color: #999999\"><strong>Adscripci\u00f3n:<\/strong><\/span><\/p>\n<ul>\n<li><span style=\"color: #999999\"><a style=\"color: #999999\" href=\"https:\/\/blog.intef.es\/alboran\/2017\/03\/17\/solicitudes-de-adscripcion-en-alboran\/\" target=\"_blank\" rel=\"noopener\">Instrucciones para los centros educativos<\/a><\/span><\/li>\n<li><span style=\"color: #999999\"><a style=\"color: #999999\" href=\"https:\/\/blog.intef.es\/alboran\/2019\/06\/04\/manual-para-la-comision-de-garantia-de-admision\/\" target=\"_blank\" rel=\"noopener\">Instrucciones para la comisi\u00f3n de garant\u00edas de admisi\u00f3n<\/a><\/span><\/li>\n<\/ul>\n<p><span style=\"color: #3366ff\"><strong>Admisi\u00f3n:<\/strong><\/span><\/p>\n<ul>\n<li><span style=\"color: #3366ff\"><a style=\"color: #3366ff\" href=\"https:\/\/sede.educacion.gob.es\/sede\/filtrosso\/loginint.jjsp?sso=S&amp;idConvocatoria=2058\" target=\"_blank\" rel=\"noopener\">Ceuta:\u00a0tramitaci\u00f3n en linea por sede electr\u00f3nica del Ministerio de Educaci\u00f3n\u00a0<strong>para familias<\/strong><\/a><\/span><\/li>\n<li><span style=\"color: #3366ff\"><a style=\"color: #3366ff\" href=\"https:\/\/sede.educacion.gob.es\/sede\/filtrosso\/loginint.jjsp?sso=S&amp;idConvocatoria=2065\" target=\"_blank\" rel=\"noopener\">Melilla: tramitaci\u00f3n en linea por sede electr\u00f3nica del Ministerio de Educaci\u00f3n\u00a0<strong>para familias<\/strong><\/a><\/span><\/li>\n<li><span style=\"color: #3366ff\"><a style=\"color: #3366ff\" href=\"https:\/\/blog.intef.es\/alboran\/wp-content\/uploads\/2022\/04\/guia-admision-cym-2022-centros-educativos.pdf\" target=\"_blank\" rel=\"noopener\">Instrucciones\u00a0<strong>para los centros educativos<\/strong>\u00a0(.pdf)<\/a><\/span><\/li>\n<li><span style=\"color: #3366ff\"><a style=\"color: #3366ff\" href=\"https:\/\/blog.intef.es\/alboran\/wp-content\/uploads\/2020\/05\/guia-admision-cym-2020-comision-garant-admis.pdf\" target=\"_blank\" rel=\"noopener\">Instrucciones\u00a0<strong>para la comisi\u00f3n de garant\u00edas de admisi\u00f3n<\/strong>\u00a0(.pdf)<\/a><\/span><\/li>\n<\/ul>\n<p><span style=\"color: #ff0000\"><strong>Nota:<\/strong> En relaci\u00f3n con el punto 14 del baremo de solicitudes de 1\u00ba bachillerato, se informa de que <strong>la nota media de los expedientes de 3\u00ba de la ESO<\/strong> <strong>ser\u00e1\u00a0obtenida<\/strong> a partir de las INSTRUCCIONES DE LA DIRECCI\u00d3N GENERAL DE\u00a0 PLANIFICACI\u00d3N Y GESTI\u00d3N EDUCATIVA POR LAS QUE SE ESTABLECEN LOS CRITERIOS PARA CALCULAR LA<br \/>\nNOTA MEDIA DEL EXPEDIENTE ACAD\u00c9MICO A EFECTOS DE LA BAREMACI\u00d3N DE SOLICITUDES PARA OBTENER UNA PLAZA ESCOLAR EN LAS ENSE\u00d1ANZAS DE BACHILLERATO EN LOS CENTROS SOSTENIDOS CON FONDOS P\u00daBLICOS DE CEUTA Y MELILLA PARA EL CURSO 2024-2025.<\/span><\/p>\n<p><span style=\"color: #ff0000\">Sobre las calificaciones empleadas en las notas de las materias de 3\u00ba de ESO LOMLOE hay que hacer revis\u00f3n de lo registrado por los centros, pues los \u00fanicos valores v\u00e1lidos son:<\/span><\/p>\n<p><span style=\"color: #ff0000\"><em>\u00abOrden EFP\/754\/2022 Art\u00edculo 37.3. Los resultados de la evaluaci\u00f3n se expresar\u00e1n en la Educaci\u00f3n Secundaria Obligatoria en los siguientes t\u00e9rminos: \u00abInsuficiente (IN)\u00bb, para las calificaciones negativas y \u00abSuficiente (SU)\u00bb, \u00abBien (BI)\u00bb, \u00abNotable (NT)\u00bb, o \u00abSobresaliente (SB)\u00bb, para las calificaciones positivas.<\/em><\/span><br \/>\n<span style=\"color: #ff0000\"><em>Las materias de cursos anteriores no superadas se consignar\u00e1n como pendientes (PT). Para la calificaci\u00f3n de las materias o asignaturas objeto de convalidaci\u00f3n se utilizar\u00e1 el t\u00e9rmino \u00abConvalidada (CV)\u00bb. Asimismo, en el caso de que se conceda la exenci\u00f3n de alguna materia, se utilizar\u00e1 el t\u00e9rmino \u00abExento\/a (EX)\u00bb en la casilla referida a la calificaci\u00f3n de la misma.\u00bb<\/em><\/span><\/p>\n<p><span style=\"color: #ff0000\">Los centros educativos han registrado la siguiente colecci\u00f3n de calficaciones:<\/span><\/p>\n<p><span style=\"color: #ff0000\">NOTA &#8211; LITERAL<\/span><br \/>\n<span style=\"color: #ff0000\">B &#8211; Bien<\/span><br \/>\n<span style=\"color: #ff0000\">BI &#8211; Bien<\/span><br \/>\n<span style=\"color: #ff0000\">B6 &#8211; Bien: 6<\/span><br \/>\n<span style=\"color: #ff0000\">CV &#8211; Convalidada<\/span><br \/>\n<span style=\"color: #ff0000\">EX &#8211; Exento<\/span><br \/>\n<span style=\"color: #ff0000\">IN &#8211; Insuficiente<\/span><br \/>\n<span style=\"color: #ff0000\">I1 &#8211; Insuficiente: 1<\/span><br \/>\n<span style=\"color: #ff0000\">I2 &#8211; Insuficiente: 2<\/span><br \/>\n<span style=\"color: #ff0000\">I3 &#8211; Insuficiente: 3<\/span><br \/>\n<span style=\"color: #ff0000\">I4 &#8211; Insuficiente: 4<\/span><br \/>\n<span style=\"color: #ff0000\">ME &#8211; Men. Hon. 10<\/span><br \/>\n<span style=\"color: #ff0000\">MH &#8211; 10-MH<\/span><br \/>\n<span style=\"color: #ff0000\">NE &#8211; No Evaluable<\/span><br \/>\n<span style=\"color: #ff0000\">NP &#8211; No Presentado<\/span><br \/>\n<span style=\"color: #ff0000\">NT &#8211; Notable<\/span><br \/>\n<span style=\"color: #ff0000\">N7 &#8211; Notable: 7<\/span><br \/>\n<span style=\"color: #ff0000\">N8 &#8211; Notable: 8<\/span><br \/>\n<span style=\"color: #ff0000\">SB &#8211; Sobresaliente<\/span><br \/>\n<span style=\"color: #ff0000\">SF &#8211; Suficiente<\/span><br \/>\n<span style=\"color: #ff0000\">SU &#8211; Suficiente<\/span><br \/>\n<span style=\"color: #ff0000\">SX &#8211; Sobresaliente: 10<\/span><br \/>\n<span style=\"color: #ff0000\">S5 &#8211; Suficiente: 5<\/span><br \/>\n<span style=\"color: #ff0000\">S9 &#8211; Sobresaliente: 9<\/span><\/p>\n<p><span style=\"color: #ff0000\">Una vez obtenidas las notas medias estar\u00edan disponibles en las consultas.<\/span><\/p>\n<ul>\n<li><strong>ALUMNOS PROMOCIONADOS POR A\u00d1O, ESTUDIO Y CURSO CON NOTA MEDIA<\/strong><\/li>\n<\/ul>\n<p>Tamib\u00e9n est\u00e1 disponible la consulta\u00a0que recupera para cada solicitud los datos m\u00e1s importantes, inclu\u00edda la baremaci\u00f3n.<\/p>\n<ul>\n<li><strong> ADMISI\u00d3N: Solicitudes y centros solicitados &#8211; horizontal\u00a0<\/strong><\/li>\n<\/ul>\n<p>Ambas est\u00e1n accesibles desde<\/p>\n<p>dp &gt; Consultas &gt; Otros &gt; Consultas secundaria<\/p>\n<p><strong>CEIP\/IES &gt; Utilidades &gt; Consultas &gt; Comunes<\/strong><\/p>\n","protected":false},"excerpt":{"rendered":"<p>Resoluci\u00f3n de 7 de febrero de 2024, de la Secretar\u00eda de Estado de Educaci\u00f3n, por la que se regula el proceso de admisi\u00f3n de alumnos y alumnas en centros docentes p\u00fablicos y privados concertados que imparten el segundo ciclo de&hellip;<\/p>\n<p class=\"more-link-p\"><a class=\"more-link\" target=\"blank\" href=\"https:\/\/blog.intef.es\/alboran\/2023\/02\/17\/proceso-de-adscripcion-y-admision-en-centros-sostenidos-con-fondos-publicos-en-ceuta-y-melilla-curso-20242025\/\">Leer m\u00e1s &rarr;<\/a><\/p>\n","protected":false},"author":302,"featured_media":0,"comment_status":"open","ping_status":"open","sticky":false,"template":"","format":"standard","meta":{"footnotes":""},"categories":[2],"tags":[316,74,75,86],"_links":{"self":[{"href":"https:\/\/blog.intef.es\/alboran\/wp-json\/wp\/v2\/posts\/1934"}],"collection":[{"href":"https:\/\/blog.intef.es\/alboran\/wp-json\/wp\/v2\/posts"}],"about":[{"href":"https:\/\/blog.intef.es\/alboran\/wp-json\/wp\/v2\/types\/post"}],"author":[{"embeddable":true,"href":"https:\/\/blog.intef.es\/alboran\/wp-json\/wp\/v2\/users\/302"}],"replies":[{"embeddable":true,"href":"https:\/\/blog.intef.es\/alboran\/wp-json\/wp\/v2\/comments?post=1934"}],"version-history":[{"count":19,"href":"https:\/\/blog.intef.es\/alboran\/wp-json\/wp\/v2\/posts\/1934\/revisions"}],"predecessor-version":[{"id":2122,"href":"https:\/\/blog.intef.es\/alboran\/wp-json\/wp\/v2\/posts\/1934\/revisions\/2122"}],"wp:attachment":[{"href":"https:\/\/blog.intef.es\/alboran\/wp-json\/wp\/v2\/media?parent=1934"}],"wp:term":[{"taxonomy":"category","embeddable":true,"href":"https:\/\/blog.intef.es\/alboran\/wp-json\/wp\/v2\/categories?post=1934"},{"taxonomy":"post_tag","embeddable":true,"href":"https:\/\/blog.intef.es\/alboran\/wp-json\/wp\/v2\/tags?post=1934"}],"curies":[{"name":"wp","href":"https:\/\/api.w.org\/{rel}","templated":true}]}}