{"id":194,"date":"2016-08-31T12:37:47","date_gmt":"2016-08-31T12:37:47","guid":{"rendered":"http:\/\/pruebas-1.pntic.mec.es\/multiblog\/alboran\/?p=194"},"modified":"2024-07-15T09:54:54","modified_gmt":"2024-07-15T07:54:54","slug":"como-matricular-a-los-alumnos-que-promocionan-en-el-curso-siguiente","status":"publish","type":"post","link":"https:\/\/blog.intef.es\/alboran\/2016\/08\/31\/como-matricular-a-los-alumnos-que-promocionan-en-el-curso-siguiente\/","title":{"rendered":"CEIP, IES: C\u00f3mo matricular a los alumnos que promocionan en el curso siguiente"},"content":{"rendered":"<h2>Registrar la decisi\u00f3n de promoci\u00f3n de los alumnos<\/h2>\n<p>Finalizado el a\u00f1o escolar y las evaluaciones finales, <strong>todos los alumnos<\/strong> deber\u00e1n tener registrada la decisi\u00f3n sobre su promoci\u00f3n con el valor S o N, ya sea en la convocatoria ordinaria o extraordinaria seg\u00fan corresponda. Si sobre un alumno se decide su promoci\u00f3n en la convocatoria ordinaria, esta estar\u00e1 cumplimentada con el valor S y la extraordinaria deber\u00e1 dejarse vac\u00eda.\u00a0Si sobre un alumno se decide su promoci\u00f3n en la convocatoria extraordinara, la ordinaria esta estar\u00e1 cumplimentada con el valor N y la extraordinaria esta estar\u00e1 cumplimentada con el valor S.<\/p>\n<p><span style=\"color: #339966\">IES: Men\u00fa: Evaluaci\u00f3n &gt; Promoci\u00f3n por grupo<\/span><\/p>\n<p><span style=\"color: #339966\">IES: Men\u00fa:\u00a0Alumnado &gt; Alumnos &gt; Alumno seleccionado &gt; Evaluaci\u00f3n promoci\u00f3<\/span>n<\/p>\n<h2>Crear los grupos del a\u00f1o escolar siguiente<\/h2>\n<p><span style=\"color: #339966\">Men\u00fa: Alumnado &gt; Grupos<\/span><\/p>\n<p>Seleccionar el a\u00f1o escolar siguiente en el selector que hay arriba de la p\u00e1gina.<\/p>\n<p>Pulsar en [Copiar a\u00f1o anterior] para recuperar los grupos creados de a\u00f1o anterior. A partir de estos datos hay que eliminar\/modificar\/a\u00f1adir los grupos que corresponda. La asignaci\u00f3n de tutores puede hacerse m\u00e1s adelante (septiembre).<\/p>\n<p><strong>En centros de infantil y primaria es muy importante<\/strong> respetar la forma de nombrar los grupos (I3A, I3B, &#8230; , P1A, P1B, &#8230;) porque la aplicaci\u00f3n usa internamente ese nombre de grupo en la recuperaci\u00f3n de muchos datos, que dejar\u00edan de funcionar si no se cumple.<\/p>\n<p><strong>En los centros CEIP, tambi\u00e9n es muy importante<\/strong> crear en el curso escolar siguiente todos los grupos que se corresponder\u00eda con la promoci\u00f3n natural, es decir, para I4C, debe existir I5C aunque realmente no vaya a haber alumnos en I5C. Esto es as\u00ed porque antes de hacer la promoci\u00f3n Albor\u00e1n comprueba la existencia de el grupo natural que le corresponder\u00eda, no obstante, el secretario puede elegir que para el I4C los alumnos pormocionen al I4B. Si en el nuevo a\u00f1o escolar el grupo I5C no se va a utilizar, puede borrarse despu\u00e9s de realizar las promociones.<\/p>\n<p><span style=\"color: #3366ff\"><strong>Importante para tareas de matr\u00edcula seg\u00fan promoci\u00f3n:<\/strong><\/span><\/p>\n<p><span style=\"color: #3366ff\"><strong>Si en el curso escolar siguiente va a haber m\u00e1s\u00a0grupos que en el anterior<\/strong><\/span>, los nuevos grupos deben existir en el a\u00f1o escolar siguiente y en el anterior deben crearse los grupos que desde los que les corresponder\u00eda la promoci\u00f3n, despu\u00e9s de las promociones puede borrarse el grupo del a\u00f1o escolar anterior. Ejemplo. Si en el curso escolar 2020\/2021 existe P1A P1B, y para el curso escolar\u00a02021\/2022\u00a0se existir\u00e1n P2A, P2B y P2C (en 2\u00ba habr\u00e1 una l\u00ednea m\u00e1s que en 1\u00ba),\u00a0el grupo\u00a0P2C es nuevo en el curso\u00a02021\/2022, y en el curso\u00a02020\/2021 y debe crearse\u00a0el grupo P1C que ser\u00eda el que se origen por promoci\u00f3n natural.<\/p>\n<p><span style=\"color: #3366ff\"><strong>Si en el curso escolar siguiente va a haber menos grupos que en el anterior<\/strong><\/span>, en el curso escolar siguiente tambi\u00e9n deber\u00e1n estar creados todos los grupos que se correspondan con la promoci\u00f3n natural. Por ejemplo si en el curso escolar\u00a02020\/21 existe\u00a0P1A, P1B y P1C (3 l\u00edneas) , y en el curso escolar\u00a02021\/2022 solo tendr\u00e1 dos l\u00edneas (A y B) en el curso escolar\u00a02021\/2022 deber\u00e1n crearse tambi\u00e9n las tres l\u00edneas\u00a0P2A, P2B y P2C, y despu\u00e9s de realizada la promoci\u00f3n eliminar el grupo P2C.<\/p>\n<h2>Matricular a los alumnos seg\u00fan promoci\u00f3n<\/h2>\n<p><strong><span style=\"color: #3366ff\">Importante:<\/span><\/strong><\/p>\n<p><strong><span style=\"color: #3366ff\">1\u00ba Solo aparecer\u00e1n en la lista aquellos alumnos que tengan registrada la decisi\u00f3n de promoci\u00f3n (ordinaria y extraordinaria si corresponde)\u00a0 y todav\u00eda no hayan sido matriculados en el a\u00f1o escolar siguiente (\u00abpromocionados\u00bb).<\/span><\/strong><\/p>\n<p><span style=\"color: #3366ff\"><strong>2\u00ba Todas las materias de cada matr\u00edcula han de tener una calificaci\u00f3n en la evaluaci\u00f3n final convocatoria ordinaria. En los estudios con derecho a convocatoria extraordinaria, tambi\u00e9n deber\u00e1 existir una calificaci\u00f3n extraordinaria para las materias que en la convocatoria ordinaria tengan una calificaci\u00f3n negativa<\/strong><\/span><\/p>\n<p><strong><span style=\"color: #3366ff\">3\u00ba Esta tarea hay que realizarla antes de que est\u00e9 activo el siguiente curso escolar. Por ejemplo, si un centro tienen definido que el nuevo curso escolar empieza el 01\/09\/aaaa la matr\u00edcula seg\u00fan promoci\u00f3n habr\u00e1 que realizarla antes de esa fecha.<\/span><\/strong><\/p>\n<p><strong><span style=\"color: #3366ff\">4\u00ba Los datos de los alumnos son pasados a un registro hist\u00f3rico para el que es necesario los datos del tutor. Por ello todos los grupos deber\u00e1n tener cumplimentado el c\u00f3digo del tutor en el curso escolar desde el que se hace la promoci\u00f3n.<\/span><\/strong><\/p>\n<p><strong><span style=\"color: #3366ff\">CEIP:<\/span><\/strong><\/p>\n<p style=\"padding-left: 30px\"><span style=\"color: #339966\">Men\u00fa: Inicio de curso &gt; Matriculacla seg\u00fan promoci\u00f3n<\/span><\/p>\n<ol>\n<li>En el desplegable que hay arriba del todo en la p\u00e1gina seleccionamos el a\u00f1o escolar actual.<\/li>\n<li>En Filtros:Curso, seleccionamos el\u00a0curso de estudios (Infantil 3 a\u00f1os, &#8230;., Primaria 11, &#8230;)<\/li>\n<li>En Filtros:Grupo, seleccionamos el grupo, es muy importante que se corresponda con uno del nivel seleccionado.\u00a0<strong style=\"color: blue\">Se recomienda hacer la promoci\u00f3n seleccionando grupo a grupo, es m\u00e1s lento, pero genera menos errores<\/strong>.<\/li>\n<li>En el listado de alumnos\u00a0marcamos\u00a0todos los alumnos, o solo una parte si por ejemplo se van a hacer mezcla de alumnos en los grupos del a\u00f1o siguiente.<\/li>\n<li>En Opciones matr\u00edcula: asignarles el grupo: seleccionamos un grupo de a\u00f1o escolar siguiente (deber\u00e1 estar creado en el centro para que se ofrezca en el selector) en el que se matricular\u00e1n, y pulsamos en confirmar.<\/li>\n<\/ol>\n<p style=\"padding-left: 60px\"><strong>Los centros de primaria que no tengna secundaria (centros p\u00fablicos) con los alumnos de sexto de primaria no deben promocionarlos a la ESO.<\/strong>\u00a0Solo deben operar con los alumnos de sexto que vayan a repetir, asign\u00e1ndoles el grupo donde se matricular\u00e1n tal como se explica en el siguiente apartado.<\/p>\n<p style=\"padding-left: 60px\">Los centros concertados incluidos en el programa Albor\u00e1n s\u00ed pueden hacer la promoci\u00f3n de alumnos de 6 de primaria a 1 ESO (si titulan entonces, matricularles en 1\u00ba de ESO), aunque tambi\u00e9n pueden realizar esta operaci\u00f3n desde el perfil de IES en Admisi\u00f3n de Alumnos &gt; Matriculaci\u00f3n alumnos primaria<\/p>\n<p style=\"padding-left: 30px\">Repetimos estos pasos para el resto de niveles y grupos.<\/p>\n<p><strong><span style=\"color: #3366ff\">IES:<\/span><\/strong><\/p>\n<p><span style=\"color: #339966\">Men\u00fa: Alumnado &gt; Promoci\u00f3n ordinaria (para alumnos obtuvieron la decisi\u00f3n de promoci\u00f3n en la convocatorioa ordinaria)<\/span><\/p>\n<p><span style=\"color: #339966\">Men\u00fa: Alumnado &gt; Promoci\u00f3n extraordinaria\u00a0(para alumnos obtuvieron la decisi\u00f3n de promoci\u00f3n en la convocatorioa extraordinaria)<\/span><\/p>\n<p>Hay que situarse el el a\u00f1o escolar en el que los alumnos han acabado los estudios y recibido la decisi\u00f3n de promoci\u00f3n.<\/p>\n<ul>\n<li>En el desplegable que hay arriba del todo en la p\u00e1gina seleccionamos el a\u00f1o escolar actual.<\/li>\n<li>En Filtros:Curso, seleccionamos el\u00a0curso de estudios<\/li>\n<li>En Filtros:Grupo, seleccionamos el grupo, es muy importante que se corresponda con uno del nivel seleccionado.\u00a0<strong style=\"color: blue\">Se recomienda hacer la promoci\u00f3n seleccionando grupo a grupo, es m\u00e1s larga, pero genera menos errores<\/strong>.<\/li>\n<li>En el listado de alumnos\u00a0marcamos\u00a0todos los alumnos, o solo una parte si por ejemplo se van a hacer mezcla de alumnos en los grupos del a\u00f1o siguiente.<\/li>\n<li>Al pie de p\u00e1gina configuramos las opciones de matr\u00edcula:\n<ul>\n<li>Asignarles el grupo: seleccionamos un grupo de a\u00f1o escolar siguiente (deber\u00e1 estar creado en el centro para que se ofrezca en el selector) en el que se matricular\u00e1n.<\/li>\n<li>Estado de matr\u00edcula: Activa (Inactiva se utiliza para registrar una matr\u00edcula provisionalmente).<\/li>\n<li>Asignarles materias comunes (se marcar\u00e1 para iniciar la matriculaci\u00f3n en las asignaturas comunes de los estudios, pero puede hacerse despu\u00e9s en la matriculaci\u00f3n en bloque).<\/li>\n<li>Pasar al a\u00f1o acad\u00e9mico siguiente: debe estar marcada normalmente, salvo para las matriculaciones que cambian de 1\u00ba a 2\u00ba cuatrimestre.<\/li>\n<li>Si matriculan entonces &#8230; Matricular en 1\u00ba de : se utilizar\u00e1 para los alumnos de 4 ESO que se matriculen en 1\u00ba Bach, o para alumnos de 2\u00ba de un CFGM que se vayan a matricular en otro CFGM o en un CFGS, y para alumnos de CFGS que vayan a matricularse en otro CFGS.<\/li>\n<li>y pulsamos en [Confirmar].<\/li>\n<\/ul>\n<\/li>\n<\/ul>\n<p style=\"padding-left: 60px\">Los centros concertados incluidos en el programa Albor\u00e1n s\u00ed pueden hacer la promoci\u00f3n de alumnos de 6 de primaria a 1 ESO (si titulan entonces, matricularles en 1\u00ba de ESO), aunque tambi\u00e9n pueden realizar esta operaci\u00f3n desde el perfil de IES en Admisi\u00f3n de Alumnos &gt; Matriculaci\u00f3n alumnos primaria<\/p>\n<p style=\"padding-left: 30px\">Repetimos estos pasos para el resto de niveles y grupos.<\/p>\n<h2>Comprobaci\u00f3n de los alumnos matriculados<\/h2>\n<p>Para comprobar qu\u00e9 alumnos han quedado matriculados hay que ir al apartado Alumnado &gt; Alumnos y seleccionar el a\u00f1o escolar siguiente. Utilizando el filtro se puede buscar por los grupos de alumnos, o nombre de los alumnos.<\/p>\n<p>Importante, despu\u00e9s de hacer esta consulta, debe elegirse el a\u00f1o escolar actual para seguir promocionando.<\/p>\n<p>Tambi\u00e9n puede elegirse un alumno cualquiera del a\u00f1o escolar actual, editarlo, pulsar en el apartado matr\u00edculas y comprobar qu\u00e9 matr\u00edculas tiene ese alumno.<\/p>\n<h2>Matriculaci\u00f3n de alumnos del centro que no promocionan o repiten<\/h2>\n<p>Para matricular los alumnos que no promocionan o reptiten curso el proceso parte de recuperar a alumnos de\u00a0<span style=\"color: #3366ff\"><strong>hist\u00f3ricos<\/strong><\/span>.<\/p>\n<p>Supongamos que deber repetir un alumno de 4 primaria y queremos matricularlo en el grupo P*4A.<\/p>\n<p>Nos situamos en alumnos, y seleccionamos el a\u00f1o escolar siguiente (aaaa+1), que ser\u00e1 en el que se haga la matr\u00edcula.<\/p>\n<p>En los Filtros de la pantalla de alumnado introducimos informaci\u00f3n del alumno que ayude a buscarle, y en los campos\u00a0<strong>selecci\u00f3n\u00a0<\/strong>se elige\u00a0<strong>Hist\u00f3rico<\/strong>\u00a0y el el campo\u00a0<strong>estado<\/strong>\u00a0(de la matr\u00edcula) se elige\u00a0<strong>Todos<\/strong>\u00a0o matr\u00edcula\u00a0<strong>Activa<\/strong>. La opci\u00f3n Inactiva es para matr\u00edculas que quedaron sin completarse, Baja para alumnos que abandonaron el centro antes del final de alg\u00fan a\u00f1o escolar, y Traslado es para alumnos que se trasladaron de centro durante el a\u00f1o acad\u00e9mico.<\/p>\n<p><a href=\"https:\/\/blog.intef.es\/alboran\/wp-content\/uploads\/2018\/06\/CEIP_matri_repetidores.jpg\"><img loading=\"lazy\" decoding=\"async\" class=\"alignnone size-medium wp-image-594\" src=\"https:\/\/blog.intef.es\/alboran\/wp-content\/uploads\/2018\/06\/CEIP_matri_repetidores-300x123.jpg\" alt=\"\" width=\"300\" height=\"123\" srcset=\"https:\/\/blog.intef.es\/alboran\/wp-content\/uploads\/2018\/06\/CEIP_matri_repetidores-300x123.jpg 300w, https:\/\/blog.intef.es\/alboran\/wp-content\/uploads\/2018\/06\/CEIP_matri_repetidores-768x314.jpg 768w, https:\/\/blog.intef.es\/alboran\/wp-content\/uploads\/2018\/06\/CEIP_matri_repetidores-1024x419.jpg 1024w, https:\/\/blog.intef.es\/alboran\/wp-content\/uploads\/2018\/06\/CEIP_matri_repetidores.jpg 1036w\" sizes=\"(max-width: 300px) 100vw, 300px\" \/><\/a><\/p>\n<p>Al pulsar en filtrar aparecer\u00e1 el listado de alumnos entre los que elegimos al alumno que interese y pulsamos en el icono de editar (l\u00e1piz amarillo).<\/p>\n<p>Aparecer\u00e1 un nuevo submen\u00fa para el alumno seleccionado en el que se hace clic en\u00a0<strong>Matr\u00edculas<\/strong>. En la ventana que aparece pulsamos en el bot\u00f3n [A\u00f1adir]. Sobre el formulario completamos los datos de estudios, curso, grupo, estado de matr\u00edcula\u00a0<strong>Activa<\/strong>, y activamos repetidor.<\/p>\n<p><a href=\"https:\/\/blog.intef.es\/alboran\/wp-content\/uploads\/2018\/06\/CEIP_matri_repetidores-1.jpg\"><img loading=\"lazy\" decoding=\"async\" class=\"alignnone size-medium wp-image-595\" src=\"https:\/\/blog.intef.es\/alboran\/wp-content\/uploads\/2018\/06\/CEIP_matri_repetidores-1-300x123.jpg\" alt=\"\" width=\"300\" height=\"123\" srcset=\"https:\/\/blog.intef.es\/alboran\/wp-content\/uploads\/2018\/06\/CEIP_matri_repetidores-1-300x123.jpg 300w, https:\/\/blog.intef.es\/alboran\/wp-content\/uploads\/2018\/06\/CEIP_matri_repetidores-1-768x314.jpg 768w, https:\/\/blog.intef.es\/alboran\/wp-content\/uploads\/2018\/06\/CEIP_matri_repetidores-1-1024x419.jpg 1024w, https:\/\/blog.intef.es\/alboran\/wp-content\/uploads\/2018\/06\/CEIP_matri_repetidores-1.jpg 1036w\" sizes=\"(max-width: 300px) 100vw, 300px\" \/><\/a><\/p>\n<p>El siguiente paso ser\u00e1 volver a pulsar en matr\u00edculas y editar la matr\u00edcula a\u00f1adida del alumno y a\u00f1adirle las materias que va a cursar. Este paso tambi\u00e9n se puede realizar a trav\u00e9s de la matriculaci\u00f3n en bloque.<\/p>\n<h2>Matriculaci\u00f3n de alumnos de admisi\u00f3n y adscripci\u00f3n<\/h2>\n<p>Para realizar este proceso han de haberse confirmado las listas provisionales y definitivas de cada proceso.<\/p>\n<p>La matr\u00edcula se realiza desde el apartado<\/p>\n<p>CEIP: Inicio de curso &gt; Matr\u00edculaci\u00f3n alumnos admisi\u00f3n<\/p>\n<p>IES: Admisi\u00f3n &gt; Matr\u00edculaci\u00f3n alumnos admisi\u00f3n<\/p>\n<p><span style=\"color: #3366ff\"><strong>Importante:<\/strong><\/span> <span style=\"color: #3366ff\">en el selector de curso escolar situado al inicio de la p\u00e1gina debe elegirse el nuevo curso escolar, que es en el que\u00a0se realizar\u00e1 la matr\u00edcula.<\/span><\/p>\n","protected":false},"excerpt":{"rendered":"<p>Registrar la decisi\u00f3n de promoci\u00f3n de los alumnos Finalizado el a\u00f1o escolar y las evaluaciones finales, todos los alumnos deber\u00e1n tener registrada la decisi\u00f3n sobre su promoci\u00f3n con el valor S o N, ya sea en la convocatoria ordinaria o&hellip;<\/p>\n<p class=\"more-link-p\"><a class=\"more-link\" target=\"blank\" href=\"https:\/\/blog.intef.es\/alboran\/2016\/08\/31\/como-matricular-a-los-alumnos-que-promocionan-en-el-curso-siguiente\/\">Leer m\u00e1s &rarr;<\/a><\/p>\n","protected":false},"author":6,"featured_media":0,"comment_status":"closed","ping_status":"open","sticky":false,"template":"","format":"standard","meta":{"footnotes":""},"categories":[66],"tags":[74,75,21,34,42,281,86,43,51,53,215,56],"_links":{"self":[{"href":"https:\/\/blog.intef.es\/alboran\/wp-json\/wp\/v2\/posts\/194"}],"collection":[{"href":"https:\/\/blog.intef.es\/alboran\/wp-json\/wp\/v2\/posts"}],"about":[{"href":"https:\/\/blog.intef.es\/alboran\/wp-json\/wp\/v2\/types\/post"}],"author":[{"embeddable":true,"href":"https:\/\/blog.intef.es\/alboran\/wp-json\/wp\/v2\/users\/6"}],"replies":[{"embeddable":true,"href":"https:\/\/blog.intef.es\/alboran\/wp-json\/wp\/v2\/comments?post=194"}],"version-history":[{"count":26,"href":"https:\/\/blog.intef.es\/alboran\/wp-json\/wp\/v2\/posts\/194\/revisions"}],"predecessor-version":[{"id":2188,"href":"https:\/\/blog.intef.es\/alboran\/wp-json\/wp\/v2\/posts\/194\/revisions\/2188"}],"wp:attachment":[{"href":"https:\/\/blog.intef.es\/alboran\/wp-json\/wp\/v2\/media?parent=194"}],"wp:term":[{"taxonomy":"category","embeddable":true,"href":"https:\/\/blog.intef.es\/alboran\/wp-json\/wp\/v2\/categories?post=194"},{"taxonomy":"post_tag","embeddable":true,"href":"https:\/\/blog.intef.es\/alboran\/wp-json\/wp\/v2\/tags?post=194"}],"curies":[{"name":"wp","href":"https:\/\/api.w.org\/{rel}","templated":true}]}}