{"id":1960,"date":"2023-05-04T12:26:14","date_gmt":"2023-05-04T10:26:14","guid":{"rendered":"https:\/\/blog.intef.es\/alboran\/?p=1960"},"modified":"2023-05-04T12:27:18","modified_gmt":"2023-05-04T10:27:18","slug":"gestion-fechas-de-baja-del-profesorado","status":"publish","type":"post","link":"https:\/\/blog.intef.es\/alboran\/2023\/05\/04\/gestion-fechas-de-baja-del-profesorado\/","title":{"rendered":"Gesti\u00f3n de fechas de bajas del profesorado"},"content":{"rendered":"<p>Para todos los centros, si la gesti\u00f3n es debida a proceso de <a href=\"https:\/\/blog.intef.es\/alboran\/2021\/10\/20\/sustituciones-de-profesores\/\" target=\"_blank\">sustituci\u00f3n de profesores<\/a> por bajas temporales o definitivas, la gesti\u00f3n debe realizarse siguiendo las instrucciones contenidas en la <a href=\"https:\/\/blog.intef.es\/alboran\/2021\/10\/20\/sustituciones-de-profesores\/\" target=\"_blank\">publicaci\u00f3n asociada a este enlace<\/a>.<\/p>\n<p><strong><span style=\"color: #3366ff\">En centros CEIP<\/span><\/strong><\/p>\n<p>En estos centros hay dos v\u00edas para gestionar bajas:<\/p>\n<p>1. En Profesorado, sobre la fila de un determinado profesor, pulsar en el icono de pila de libros. Esta acci\u00f3n archivar\u00e1 a este profesor\u00a0y solicitar\u00e1 por pantalla una\u00a0fecha de baja y un motivo.<\/p>\n<p style=\"padding-left: 30px\">Para recuperar profesores que se hayan dado de baja, debe utilizarse los filtros<\/p>\n<p style=\"padding-left: 30px\">ESTADO: Activo\/Baja temporal\/Baja definitiva<\/p>\n<p style=\"padding-left: 30px\">SELECCI\u00d3N: Hist\u00f3rico<\/p>\n<p style=\"padding-left: 30px\">Se recuperar\u00e1n los profesores que est\u00e1 con fecha de baja en el centro. Con el icono de flecha verde descendente podr\u00e1 recuperarse un profesor para incorporarlo a\u00a0 listado de profesores del centro.<\/p>\n<p>2.\u00a0En Profesorado &gt; Profesor seleccionado &gt; Situaci\u00f3n, puede <span style=\"color: #3366ff\"><strong>desactivarse<\/strong><\/span> a un profesor. Esta acci\u00f3n no es equivalente a una baja en el centro sino simplemente a configurar que el profesor no est\u00e1 activo en la aplicaci\u00f3n web ALBOR\u00c1N y que por lo tanto no podr\u00e1 utilizarla. Volviendo a activar el tic \u00abEl\/la profesor\/a se encuentra activo\u00bb el docente podr\u00e1 volver a utilizar la aplicaci\u00f3n.<\/p>\n<p><span style=\"color: #3366ff\"><strong>En centros IES<\/strong><\/span><\/p>\n<p>En estos existen las siguientes opciones:<\/p>\n<p>1. En Profesorado &gt; Profesor seleccionado &gt; Acceso y situaci\u00f3n, pueden definirse la fecha de baja en el centro educativo y motivo de la misma. Esta operaci\u00f3n no elimina al profesor de la lista de profesores del centro. Para ello deber\u00e1 realizarse lo dispuesto en el siguiente punto.<\/p>\n<p>2.\u00a0Profesorado. Sobre la fila de un profesor, <span style=\"color: #3366ff\"><strong>quitar docencia en el curso actual<\/strong><\/span> con el icono pila de libros. Esta acci\u00f3n dar\u00e1 de baja al profesor en la aplicaci\u00f3n pero no registra ninguna informaci\u00f3n especial sobre fechas y motivaci\u00f3n. Esto elimina al profesor de la lista de profesores del centro.<\/p>\n<p>Para recuperar a un profesor habr\u00e1 que utilizar tambi\u00e9n los filtros<\/p>\n<p>ESTADO: Activo\/Baja temporal\/Baja definitiva<\/p>\n<p>SELECCI\u00d3N: Hist\u00f3rico<\/p>\n<p>Sobre los profesores recuperados, editar los datos de un profesor y en el men\u00fa Docencia, a\u00f1adir docencia en el curso actual.<\/p>\n<p>&nbsp;<\/p>\n<p>&nbsp;<\/p>\n<p>&nbsp;<\/p>\n","protected":false},"excerpt":{"rendered":"<p>Para todos los centros, si la gesti\u00f3n es debida a proceso de sustituci\u00f3n de profesores por bajas temporales o definitivas, la gesti\u00f3n debe realizarse siguiendo las instrucciones contenidas en la publicaci\u00f3n asociada a este enlace. En centros CEIP En estos&hellip;<\/p>\n<p class=\"more-link-p\"><a class=\"more-link\" target=\"blank\" href=\"https:\/\/blog.intef.es\/alboran\/2023\/05\/04\/gestion-fechas-de-baja-del-profesorado\/\">Leer m\u00e1s &rarr;<\/a><\/p>\n","protected":false},"author":302,"featured_media":0,"comment_status":"open","ping_status":"open","sticky":false,"template":"","format":"standard","meta":{"footnotes":""},"categories":[2],"tags":[320,321,204],"_links":{"self":[{"href":"https:\/\/blog.intef.es\/alboran\/wp-json\/wp\/v2\/posts\/1960"}],"collection":[{"href":"https:\/\/blog.intef.es\/alboran\/wp-json\/wp\/v2\/posts"}],"about":[{"href":"https:\/\/blog.intef.es\/alboran\/wp-json\/wp\/v2\/types\/post"}],"author":[{"embeddable":true,"href":"https:\/\/blog.intef.es\/alboran\/wp-json\/wp\/v2\/users\/302"}],"replies":[{"embeddable":true,"href":"https:\/\/blog.intef.es\/alboran\/wp-json\/wp\/v2\/comments?post=1960"}],"version-history":[{"count":4,"href":"https:\/\/blog.intef.es\/alboran\/wp-json\/wp\/v2\/posts\/1960\/revisions"}],"predecessor-version":[{"id":1964,"href":"https:\/\/blog.intef.es\/alboran\/wp-json\/wp\/v2\/posts\/1960\/revisions\/1964"}],"wp:attachment":[{"href":"https:\/\/blog.intef.es\/alboran\/wp-json\/wp\/v2\/media?parent=1960"}],"wp:term":[{"taxonomy":"category","embeddable":true,"href":"https:\/\/blog.intef.es\/alboran\/wp-json\/wp\/v2\/categories?post=1960"},{"taxonomy":"post_tag","embeddable":true,"href":"https:\/\/blog.intef.es\/alboran\/wp-json\/wp\/v2\/tags?post=1960"}],"curies":[{"name":"wp","href":"https:\/\/api.w.org\/{rel}","templated":true}]}}