{"id":1988,"date":"2023-07-27T11:56:09","date_gmt":"2023-07-27T09:56:09","guid":{"rendered":"https:\/\/blog.intef.es\/alboran\/?p=1988"},"modified":"2025-01-16T09:19:29","modified_gmt":"2025-01-16T08:19:29","slug":"ies-ciclos-formativos-evaluacion-del-modulo-de-formacion-en-centros-de-trabajo-y-de-proyecto","status":"publish","type":"post","link":"https:\/\/blog.intef.es\/alboran\/2023\/07\/27\/ies-ciclos-formativos-evaluacion-del-modulo-de-formacion-en-centros-de-trabajo-y-de-proyecto\/","title":{"rendered":"IES: Ciclos formativos: Evaluaci\u00f3n del m\u00f3dulo de Formaci\u00f3n en Centros de Trabajo y de Proyecto"},"content":{"rendered":"<p>La evaluaci\u00f3n de la FCT en los ciclos formativos de formaci\u00f3n profesional merece un an\u00e1lis espec\u00edfico por su singularidad. Esta evalluaci\u00f3n solo se realiza en las convocatorias de evaluaci\u00f3n final de ciclo formativo y por ello <span style=\"color: #3366ff;\"><strong>las calificaciones del m\u00f3dulo profesional de Formaci\u00f3n en Centros de Trabajo y del m\u00f3dulo de Proyecto solo aparecer\u00e1n en las actas de final de ciclo formativo<\/strong><\/span>.<\/p>\n<p>Para la evaluaci\u00f3n de la FCT un alumno solo dispone de dos derechos de examen o dos convocatorias.<\/p>\n<p>&nbsp;<\/p>\n<h3>\u00bfC\u00f3mo registrar\u00a0las calificaciones de FCT y Proyecto en el expediente del alumno?<\/h3>\n<p>En cada matr\u00edcula de una materia, el sistema permite registrar dos calificaciones, <strong><span style=\"color: #3366ff;\">en la calificaci\u00f3n ordinaria siempre se registrar\u00e1 la calificaci\u00f3n de la primera vez que el alumno es evaluado<\/span><\/strong>.<\/p>\n<p>En la <span style=\"color: #3366ff;\"><strong>convocatoria extraordinaria<\/strong><\/span>, se registrar\u00e1 la calificaci\u00f3n de la <span style=\"color: #3366ff;\"><strong>segunda vez que es evaluado en el mismo curso escolar, es decir en la misma matr\u00edcula.<\/strong><\/span><\/p>\n<h3>Alumno que cursa \u00faltimo curso por primera vez y FCT<\/h3>\n<p>Para un alumno de \u00faltimo curso, matriculado en varios m\u00f3dulos y en la FCT su proceso de evaluaci\u00f3n ser\u00e1 el siguiente:<\/p>\n<p>En marzo, se realiza la Evaluaci\u00f3n final ordinaria, en ella se registran calificaciones de los m\u00f3dulos profesionales, pero no de la FCT.<\/p>\n<p>En Abril el alumno se incorpora a la FCT, y en junio la finaliza.<\/p>\n<p>En junio se realiza la Evaluaci\u00f3n Final Final de Ciclo formativo, en ella se ha de registrar la calificaci\u00f3n de los m\u00f3dulos profesionales de FCT y Proyecto en la convocatoria Extraordinaria.<\/p>\n<p>Si el alumno suspende, no tendr\u00e1 convocatoria extraordinaria en ese curso acad\u00e9mico, debe matricularse para repetir el \u00faltimo curso con los m\u00f3dulos pendientes.<\/p>\n<h3>Alumno que repite \u00faltimo curso solo con FCT, Proyecto (y otro m\u00f3dulo profesional)<\/h3>\n<p>Para alumnos que solo se matriculan de FCT, Proyecto y los m\u00f3dulos profesionales que permita la normativa, estos alumnos se incorporan a la FCT en septiembre\u00a0 (primer trimestre del curso escolar), y para ellos, <span style=\"color: #3366ff;\"><strong>en diciembre se realiza la Evaluaci\u00f3n Final Final de Ciclo Formativo<\/strong><\/span>. La califiaci\u00f3n obtenida se registrar\u00e1 en la <span style=\"color: #3366ff;\"><strong>convocatoria ordinaria<\/strong><\/span>.<\/p>\n<p>Si suspende, la FCT, debe ir a convocatoria extraordinaria, pero solo podr\u00e1 hacerlo si no ha agotado las dos convocatorias. Es muy importante advertir a los alumnos de esta posible situaci\u00f3n.<\/p>\n<p>Si puede ir a <span style=\"color: #3366ff;\"><strong>convocatoria extraordinaria<\/strong><\/span>, el alumno se incorporar\u00e1 a la FCT a partir de enero, y el centro, cuando acabe la FCT deber\u00e1 realizar la <span style=\"color: #3366ff;\"><strong>Evaluaci\u00f3n Extraordianria de Final de Ciclo Formativo<\/strong><\/span>, anotando la calificaci\u00f3n en la <span style=\"color: #3366ff;\"><strong>convocatoria extraordinaria<\/strong><\/span>.<\/p>\n<h3>Conclusi\u00f3n<\/h3>\n<p>La mayor\u00eda de los expedientes s\u00f3lo deber\u00edan tener calificaciones en el\u00a0 m\u00f3dulo de FCT en la convocatoria ordinaria de la primera y segunda matr\u00edcula de este m\u00f3dulo.<\/p>\n<p>Para poder tener calificaci\u00f3n en una convocatoria extraordinaria, deber\u00edan tener una RENUNCIA en alguna de las convocatorias ordinarias.<\/p>\n","protected":false},"excerpt":{"rendered":"<p>La evaluaci\u00f3n de la FCT en los ciclos formativos de formaci\u00f3n profesional merece un an\u00e1lis espec\u00edfico por su singularidad. Esta evalluaci\u00f3n solo se realiza en las convocatorias de evaluaci\u00f3n final de ciclo formativo y por ello las calificaciones del m\u00f3dulo&hellip;<\/p>\n<p class=\"more-link-p\"><a class=\"more-link\" target=\"blank\" href=\"https:\/\/blog.intef.es\/alboran\/2023\/07\/27\/ies-ciclos-formativos-evaluacion-del-modulo-de-formacion-en-centros-de-trabajo-y-de-proyecto\/\">Leer m\u00e1s &rarr;<\/a><\/p>\n","protected":false},"author":302,"featured_media":0,"comment_status":"open","ping_status":"open","sticky":false,"template":"","format":"standard","meta":{"footnotes":""},"categories":[2],"tags":[125,31,99,101,102],"_links":{"self":[{"href":"https:\/\/blog.intef.es\/alboran\/wp-json\/wp\/v2\/posts\/1988"}],"collection":[{"href":"https:\/\/blog.intef.es\/alboran\/wp-json\/wp\/v2\/posts"}],"about":[{"href":"https:\/\/blog.intef.es\/alboran\/wp-json\/wp\/v2\/types\/post"}],"author":[{"embeddable":true,"href":"https:\/\/blog.intef.es\/alboran\/wp-json\/wp\/v2\/users\/302"}],"replies":[{"embeddable":true,"href":"https:\/\/blog.intef.es\/alboran\/wp-json\/wp\/v2\/comments?post=1988"}],"version-history":[{"count":6,"href":"https:\/\/blog.intef.es\/alboran\/wp-json\/wp\/v2\/posts\/1988\/revisions"}],"predecessor-version":[{"id":2262,"href":"https:\/\/blog.intef.es\/alboran\/wp-json\/wp\/v2\/posts\/1988\/revisions\/2262"}],"wp:attachment":[{"href":"https:\/\/blog.intef.es\/alboran\/wp-json\/wp\/v2\/media?parent=1988"}],"wp:term":[{"taxonomy":"category","embeddable":true,"href":"https:\/\/blog.intef.es\/alboran\/wp-json\/wp\/v2\/categories?post=1988"},{"taxonomy":"post_tag","embeddable":true,"href":"https:\/\/blog.intef.es\/alboran\/wp-json\/wp\/v2\/tags?post=1988"}],"curies":[{"name":"wp","href":"https:\/\/api.w.org\/{rel}","templated":true}]}}