{"id":1998,"date":"2023-09-11T18:29:04","date_gmt":"2023-09-11T16:29:04","guid":{"rendered":"https:\/\/blog.intef.es\/alboran\/?p=1998"},"modified":"2024-09-13T09:06:46","modified_gmt":"2024-09-13T07:06:46","slug":"profesores-y-personal-de-la-administracion-acceso-a-la-aplicacion","status":"publish","type":"post","link":"https:\/\/blog.intef.es\/alboran\/2023\/09\/11\/profesores-y-personal-de-la-administracion-acceso-a-la-aplicacion\/","title":{"rendered":"Profesores y personal de la administraci\u00f3n: acceso a la aplicaci\u00f3n, des\/bloqueo de acceso"},"content":{"rendered":"<p><span style=\"color: #3366ff\"><strong>Se est\u00e1n introduciendo mejoras cont\u00ednuas en la seguridad para el acceso a la aplicaci\u00f3n:<\/strong><\/span><\/p>\n<h2>Identificaci\u00f3n de los usuarios<\/h2>\n<p>Por motivos de seguridad la identificaci\u00f3n de los usuarios que deban ser dados de alta o tengan problemas de acceso deber\u00e1 realizarse por los responsables de Albor\u00e1n en el centro educativo en el caso de los docentes, o por responsables de Albor\u00e1n en la Direcci\u00f3n Provincial para personal de la admisitraci\u00f3n. Ser\u00e1n los responsables de Albor\u00e1n los que despu\u00e9s de identificar al usuario y que el problema que plantee en cuanto a credenciales de usuario no pueda ser resuelto por ellos los que elevar\u00e1n una incidencia a soporte.alboran.<\/p>\n<h2>Obligatoriedad de facilitar un correo electr\u00f3nico<\/h2>\n<p>Todo usuario ha de tener registrado en Albor\u00e1n un correo electr\u00f3nico institucional que le servir\u00e1 para realizar las tareas de cambio o renovaci\u00f3n de la contrase\u00f1a .<\/p>\n<h2>Seguridad de la contrase\u00f1a.<\/h2>\n<p>Las nuevas contrase\u00f1as que creen los usuarios tendr\u00e1n los siguientes criterios:<\/p>\n<ul>\n<li>La contrase\u00f1a debe contener al menos una letra may\u00fascula, una letra min\u00fascula, un n\u00famero y un signo de puntuaci\u00f3n o un s\u00edmbolo.<\/li>\n<li>Debe tener al menos una longitud de 8 caracteres.<\/li>\n<li>Los s\u00edmbolos admitidos son [ !#$%&amp;*+,-.:;&lt;=&gt;?^_~ ].<\/li>\n<li>La contrase\u00f1a no debe incluir nombre ,apellidos ni DNI del usuario.<\/li>\n<li>No se permiten letras acentuadas ni e\u00f1es.<\/li>\n<\/ul>\n<h2>Bloqueo de seguridad ante reintentos fallidos<\/h2>\n<p>Si un usuario realiza <span style=\"color: #3366ff\"><strong>tres intentos fallidos de acceso<\/strong><\/span>, sus <strong><span style=\"color: #3366ff\">credenciales quedar\u00e1n bloqueadas durante 15 minutos<\/span><\/strong> por seguridad.<\/p>\n<p>Es decir, deber\u00e1 esperar\u00a0ese intervalo hasta poder volver a intentar hacer un nuevo intento de acceso.<\/p>\n","protected":false},"excerpt":{"rendered":"<p>Se est\u00e1n introduciendo mejoras cont\u00ednuas en la seguridad para el acceso a la aplicaci\u00f3n: Identificaci\u00f3n de los usuarios Por motivos de seguridad la identificaci\u00f3n de los usuarios que deban ser dados de alta o tengan problemas de acceso deber\u00e1 realizarse&hellip;<\/p>\n<p class=\"more-link-p\"><a class=\"more-link\" target=\"blank\" href=\"https:\/\/blog.intef.es\/alboran\/2023\/09\/11\/profesores-y-personal-de-la-administracion-acceso-a-la-aplicacion\/\">Leer m\u00e1s &rarr;<\/a><\/p>\n","protected":false},"author":302,"featured_media":0,"comment_status":"open","ping_status":"open","sticky":false,"template":"","format":"standard","meta":{"footnotes":""},"categories":[2],"tags":[325,326,322,324,323],"_links":{"self":[{"href":"https:\/\/blog.intef.es\/alboran\/wp-json\/wp\/v2\/posts\/1998"}],"collection":[{"href":"https:\/\/blog.intef.es\/alboran\/wp-json\/wp\/v2\/posts"}],"about":[{"href":"https:\/\/blog.intef.es\/alboran\/wp-json\/wp\/v2\/types\/post"}],"author":[{"embeddable":true,"href":"https:\/\/blog.intef.es\/alboran\/wp-json\/wp\/v2\/users\/302"}],"replies":[{"embeddable":true,"href":"https:\/\/blog.intef.es\/alboran\/wp-json\/wp\/v2\/comments?post=1998"}],"version-history":[{"count":7,"href":"https:\/\/blog.intef.es\/alboran\/wp-json\/wp\/v2\/posts\/1998\/revisions"}],"predecessor-version":[{"id":2219,"href":"https:\/\/blog.intef.es\/alboran\/wp-json\/wp\/v2\/posts\/1998\/revisions\/2219"}],"wp:attachment":[{"href":"https:\/\/blog.intef.es\/alboran\/wp-json\/wp\/v2\/media?parent=1998"}],"wp:term":[{"taxonomy":"category","embeddable":true,"href":"https:\/\/blog.intef.es\/alboran\/wp-json\/wp\/v2\/categories?post=1998"},{"taxonomy":"post_tag","embeddable":true,"href":"https:\/\/blog.intef.es\/alboran\/wp-json\/wp\/v2\/tags?post=1998"}],"curies":[{"name":"wp","href":"https:\/\/api.w.org\/{rel}","templated":true}]}}