{"id":2228,"date":"2024-11-15T09:56:11","date_gmt":"2024-11-15T08:56:11","guid":{"rendered":"https:\/\/blog.intef.es\/alboran\/?p=2228"},"modified":"2024-11-15T12:47:25","modified_gmt":"2024-11-15T11:47:25","slug":"ceip-cambio-de-curso-escolar-para-seleccionar-datos-historicos","status":"publish","type":"post","link":"https:\/\/blog.intef.es\/alboran\/2024\/11\/15\/ceip-cambio-de-curso-escolar-para-seleccionar-datos-historicos\/","title":{"rendered":"CEIP: cambio de curso escolar para seleccionar datos hist\u00f3ricos"},"content":{"rendered":"<p>En el perfil de CEIP la apliaci\u00f3n no ofrece de entrada la posibilidad de cambiar el curso escolar, la aplicaci\u00f3n trabaja con el curso escolar que est\u00e9 activo en el para el centro educativo,<\/p>\n<p><a href=\"https:\/\/blog.intef.es\/alboran\/wp-content\/uploads\/2024\/11\/ceip_inicio.jpg\"><img loading=\"lazy\" decoding=\"async\" class=\"alignnone wp-image-2230 size-large\" src=\"https:\/\/blog.intef.es\/alboran\/wp-content\/uploads\/2024\/11\/ceip_inicio-1024x506.jpg\" alt=\"\" width=\"860\" height=\"425\" srcset=\"https:\/\/blog.intef.es\/alboran\/wp-content\/uploads\/2024\/11\/ceip_inicio-1024x506.jpg 1024w, https:\/\/blog.intef.es\/alboran\/wp-content\/uploads\/2024\/11\/ceip_inicio-300x148.jpg 300w, https:\/\/blog.intef.es\/alboran\/wp-content\/uploads\/2024\/11\/ceip_inicio-768x380.jpg 768w, https:\/\/blog.intef.es\/alboran\/wp-content\/uploads\/2024\/11\/ceip_inicio-560x277.jpg 560w, https:\/\/blog.intef.es\/alboran\/wp-content\/uploads\/2024\/11\/ceip_inicio-260x129.jpg 260w, https:\/\/blog.intef.es\/alboran\/wp-content\/uploads\/2024\/11\/ceip_inicio-160x79.jpg 160w, https:\/\/blog.intef.es\/alboran\/wp-content\/uploads\/2024\/11\/ceip_inicio.jpg 1072w\" sizes=\"(max-width: 860px) 100vw, 860px\" \/><\/a><\/p>\n<p>que es el que aparece en el apartado <strong>Alumnado &gt; Alumnos<\/strong>. Aqu\u00ed s\u00ed que puede cambiarse el curso escolar para seleccionar otro de la serie hist\u00f3rica del centro educativo. Una vez seleccionado, si se cambia de funcionalidad, la aplicaci\u00f3n tendr\u00e1 en cuenta el curso escolar seleccionado en el apartado Alumnado &gt; Alumnos.<\/p>\n<p><a href=\"https:\/\/blog.intef.es\/alboran\/wp-content\/uploads\/2024\/11\/ceip_alumnado_alumnos.jpg\"><img loading=\"lazy\" decoding=\"async\" class=\"alignnone wp-image-2229 size-large\" src=\"https:\/\/blog.intef.es\/alboran\/wp-content\/uploads\/2024\/11\/ceip_alumnado_alumnos-1024x600.jpg\" alt=\"\" width=\"860\" height=\"504\" srcset=\"https:\/\/blog.intef.es\/alboran\/wp-content\/uploads\/2024\/11\/ceip_alumnado_alumnos-1024x600.jpg 1024w, https:\/\/blog.intef.es\/alboran\/wp-content\/uploads\/2024\/11\/ceip_alumnado_alumnos-300x176.jpg 300w, https:\/\/blog.intef.es\/alboran\/wp-content\/uploads\/2024\/11\/ceip_alumnado_alumnos-768x450.jpg 768w, https:\/\/blog.intef.es\/alboran\/wp-content\/uploads\/2024\/11\/ceip_alumnado_alumnos-560x328.jpg 560w, https:\/\/blog.intef.es\/alboran\/wp-content\/uploads\/2024\/11\/ceip_alumnado_alumnos-260x152.jpg 260w, https:\/\/blog.intef.es\/alboran\/wp-content\/uploads\/2024\/11\/ceip_alumnado_alumnos-160x94.jpg 160w, https:\/\/blog.intef.es\/alboran\/wp-content\/uploads\/2024\/11\/ceip_alumnado_alumnos.jpg 1049w\" sizes=\"(max-width: 860px) 100vw, 860px\" \/><\/a><\/p>\n<h2>Datos hist\u00f3ricos recuperables<\/h2>\n<p>Datos de alumnos relativos a matr\u00edculas, evaluaci\u00f3n y faltas de asistencia.<\/p>\n<p>Datos de profesores de horarios del curso 2021\/2022 y posteriores, pues anteriormente no se guardaban. Por la misma raz\u00f3n los datos de los listados de profesores tampoco son datos seguros que tengan que ver con la docencia en el curso escolar, pues en el perfil de CEIP se muestran los docentes sin fecha de baja en su expediente.<\/p>\n","protected":false},"excerpt":{"rendered":"<p>En el perfil de CEIP la apliaci\u00f3n no ofrece de entrada la posibilidad de cambiar el curso escolar, la aplicaci\u00f3n trabaja con el curso escolar que est\u00e9 activo en el para el centro educativo, que es el que aparece en&hellip;<\/p>\n<p class=\"more-link-p\"><a class=\"more-link\" target=\"blank\" href=\"https:\/\/blog.intef.es\/alboran\/2024\/11\/15\/ceip-cambio-de-curso-escolar-para-seleccionar-datos-historicos\/\">Leer m\u00e1s &rarr;<\/a><\/p>\n","protected":false},"author":345,"featured_media":0,"comment_status":"open","ping_status":"open","sticky":false,"template":"","format":"standard","meta":{"footnotes":""},"categories":[66],"tags":[354,140,355,353],"_links":{"self":[{"href":"https:\/\/blog.intef.es\/alboran\/wp-json\/wp\/v2\/posts\/2228"}],"collection":[{"href":"https:\/\/blog.intef.es\/alboran\/wp-json\/wp\/v2\/posts"}],"about":[{"href":"https:\/\/blog.intef.es\/alboran\/wp-json\/wp\/v2\/types\/post"}],"author":[{"embeddable":true,"href":"https:\/\/blog.intef.es\/alboran\/wp-json\/wp\/v2\/users\/345"}],"replies":[{"embeddable":true,"href":"https:\/\/blog.intef.es\/alboran\/wp-json\/wp\/v2\/comments?post=2228"}],"version-history":[{"count":4,"href":"https:\/\/blog.intef.es\/alboran\/wp-json\/wp\/v2\/posts\/2228\/revisions"}],"predecessor-version":[{"id":2234,"href":"https:\/\/blog.intef.es\/alboran\/wp-json\/wp\/v2\/posts\/2228\/revisions\/2234"}],"wp:attachment":[{"href":"https:\/\/blog.intef.es\/alboran\/wp-json\/wp\/v2\/media?parent=2228"}],"wp:term":[{"taxonomy":"category","embeddable":true,"href":"https:\/\/blog.intef.es\/alboran\/wp-json\/wp\/v2\/categories?post=2228"},{"taxonomy":"post_tag","embeddable":true,"href":"https:\/\/blog.intef.es\/alboran\/wp-json\/wp\/v2\/tags?post=2228"}],"curies":[{"name":"wp","href":"https:\/\/api.w.org\/{rel}","templated":true}]}}