{"id":227,"date":"2016-08-31T12:36:57","date_gmt":"2016-08-31T12:36:57","guid":{"rendered":"http:\/\/pruebas-1.pntic.mec.es\/multiblog\/alboran\/?p=227"},"modified":"2020-12-01T10:23:35","modified_gmt":"2020-12-01T09:23:35","slug":"activar-desactivar-la-posibilidad-de-poner-notas","status":"publish","type":"post","link":"https:\/\/blog.intef.es\/alboran\/2016\/08\/31\/activar-desactivar-la-posibilidad-de-poner-notas\/","title":{"rendered":"Activar\/Desactivar la posibilidad de introducir notas\/califiaciones a los profesores"},"content":{"rendered":"<h3>1.- Introducci\u00f3n<\/h3>\n<p>En Albor\u00e1n los profesores por defecto no pueden poner notas en las asignaturas y grupos que imparten, hay que habilitarlo en dos niveles.<\/p>\n<p>Los tutores, sin embargo, pueden poner y modificar notas de cualquier alumno, asignatura y evaluaci\u00f3n de su grupo. El perfil secretario igualmente puede hacerlo.<\/p>\n<p>Para poder poner notas un profesor (no tutor) el secretario del centro deber\u00eda autorizarlo mediante las opciones del men\u00fa de <strong><span style=\"color: #3366ff\">Configuraci\u00f3&gt; Profesorado &gt; Evaluaci\u00f3n<\/span><\/strong>, donde se puede\u00a0seccionar s\u00f3lo por grupos y las materias donde tiene docencia, el resto no los puede seleccionar. Si no\u00a0 se habilita tan s\u00f3lo puede consultar pero no modificar las notas que all\u00ed aparecen.<\/p>\n<h3>3.- Configuraci\u00f3n<\/h3>\n<p>Para activar y desactivar la posibilidad de poner notas por parte de los profesores de los IES en las materias que imparten, el rol secretario debe realizarlo a trav\u00e9s del men\u00fa Configuraci\u00f3n &gt; Profesorado &gt; Evaluaci\u00f3n, donde hay dos ocpiciones.<\/p>\n<p><span style=\"color: #3366ff\"><strong>Lo recomendable es activar los permisos durante las junta de evaluaci\u00f3n y desactivarlos despu\u00e9s para eviatar modificaciones accidentales.<\/strong><\/span><\/p>\n<h4>2.1\u00a0Evaluaciones por grupo<\/h4>\n<p>Permite activar o desactivar a qu\u00e9 grupos en que evaluaciones podr\u00e1n introducirse calificaciones por los profesores.\u00a0La activaci\u00f3n y desactivaci\u00f3n es autom\u00e1tica con un clic sobre la caja.<\/p>\n<h4>2.2 Evaluaciones de pendientes<\/h4>\n<p>Permite activar en qu\u00e9 evaluaciones de las definidas por el centro educativo podr\u00e1n introducirse calificaciones en qu\u00e9 grupos. La activaci\u00f3n y desactivaci\u00f3n es autom\u00e1tica con un clic sobre la caja.<\/p>\n","protected":false},"excerpt":{"rendered":"<p>1.- Introducci\u00f3n En Albor\u00e1n los profesores por defecto no pueden poner notas en las asignaturas y grupos que imparten, hay que habilitarlo en dos niveles. Los tutores, sin embargo, pueden poner y modificar notas de cualquier alumno, asignatura y evaluaci\u00f3n&hellip;<\/p>\n<p class=\"more-link-p\"><a class=\"more-link\" target=\"blank\" href=\"https:\/\/blog.intef.es\/alboran\/2016\/08\/31\/activar-desactivar-la-posibilidad-de-poner-notas\/\">Leer m\u00e1s &rarr;<\/a><\/p>\n","protected":false},"author":6,"featured_media":0,"comment_status":"closed","ping_status":"open","sticky":false,"template":"","format":"standard","meta":{"footnotes":""},"categories":[66],"tags":[10,15,16,23,31,136,46,178,50,177],"_links":{"self":[{"href":"https:\/\/blog.intef.es\/alboran\/wp-json\/wp\/v2\/posts\/227"}],"collection":[{"href":"https:\/\/blog.intef.es\/alboran\/wp-json\/wp\/v2\/posts"}],"about":[{"href":"https:\/\/blog.intef.es\/alboran\/wp-json\/wp\/v2\/types\/post"}],"author":[{"embeddable":true,"href":"https:\/\/blog.intef.es\/alboran\/wp-json\/wp\/v2\/users\/6"}],"replies":[{"embeddable":true,"href":"https:\/\/blog.intef.es\/alboran\/wp-json\/wp\/v2\/comments?post=227"}],"version-history":[{"count":4,"href":"https:\/\/blog.intef.es\/alboran\/wp-json\/wp\/v2\/posts\/227\/revisions"}],"predecessor-version":[{"id":1294,"href":"https:\/\/blog.intef.es\/alboran\/wp-json\/wp\/v2\/posts\/227\/revisions\/1294"}],"wp:attachment":[{"href":"https:\/\/blog.intef.es\/alboran\/wp-json\/wp\/v2\/media?parent=227"}],"wp:term":[{"taxonomy":"category","embeddable":true,"href":"https:\/\/blog.intef.es\/alboran\/wp-json\/wp\/v2\/categories?post=227"},{"taxonomy":"post_tag","embeddable":true,"href":"https:\/\/blog.intef.es\/alboran\/wp-json\/wp\/v2\/tags?post=227"}],"curies":[{"name":"wp","href":"https:\/\/api.w.org\/{rel}","templated":true}]}}