{"id":2302,"date":"2025-05-30T10:43:34","date_gmt":"2025-05-30T08:43:34","guid":{"rendered":"https:\/\/blog.intef.es\/alboran\/?p=2302"},"modified":"2025-05-30T10:44:55","modified_gmt":"2025-05-30T08:44:55","slug":"ies-nota-media-de-los-cursos-de-especializacion-de-la-ley-de-fp","status":"publish","type":"post","link":"https:\/\/blog.intef.es\/alboran\/2025\/05\/30\/ies-nota-media-de-los-cursos-de-especializacion-de-la-ley-de-fp\/","title":{"rendered":"IES: Nota media de los cursos de especializaci\u00f3n de la Ley de FP"},"content":{"rendered":"<p>Analizados los curr\u00edculos de estos estudios en la Ley de Formaci\u00f3n Profesional se observa que son los mismos que los definidos en los curr\u00edculos publicados para la Ley Org\u00e1nica de Educaci\u00f3n (LOE).<\/p>\n<p>Al implantarse la LFP los alumnos matriculados en cursos de especializaci\u00f3n LOE que no superaron los estudios tuvieron que continuar los estudios matriculandose en estudios LFP.<\/p>\n<p>Por ello, para los alumnos que terminan exitosamente los estudios de cursos de especializaci\u00f3n de la LFP, se ha modificado el procedimiento de c\u00e1lculo de la nota media para que se incluyan los m\u00f3dulos profecionales cursados en matr\u00edculas LOE.<\/p>\n","protected":false},"excerpt":{"rendered":"<p>Analizados los curr\u00edculos de estos estudios en la Ley de Formaci\u00f3n Profesional se observa que son los mismos que los definidos en los curr\u00edculos publicados para la Ley Org\u00e1nica de Educaci\u00f3n (LOE). Al implantarse la LFP los alumnos matriculados en&hellip;<\/p>\n<p class=\"more-link-p\"><a class=\"more-link\" target=\"blank\" href=\"https:\/\/blog.intef.es\/alboran\/2025\/05\/30\/ies-nota-media-de-los-cursos-de-especializacion-de-la-ley-de-fp\/\">Leer m\u00e1s &rarr;<\/a><\/p>\n","protected":false},"author":345,"featured_media":0,"comment_status":"open","ping_status":"open","sticky":false,"template":"","format":"standard","meta":{"footnotes":""},"categories":[66],"tags":[275,126,80],"_links":{"self":[{"href":"https:\/\/blog.intef.es\/alboran\/wp-json\/wp\/v2\/posts\/2302"}],"collection":[{"href":"https:\/\/blog.intef.es\/alboran\/wp-json\/wp\/v2\/posts"}],"about":[{"href":"https:\/\/blog.intef.es\/alboran\/wp-json\/wp\/v2\/types\/post"}],"author":[{"embeddable":true,"href":"https:\/\/blog.intef.es\/alboran\/wp-json\/wp\/v2\/users\/345"}],"replies":[{"embeddable":true,"href":"https:\/\/blog.intef.es\/alboran\/wp-json\/wp\/v2\/comments?post=2302"}],"version-history":[{"count":3,"href":"https:\/\/blog.intef.es\/alboran\/wp-json\/wp\/v2\/posts\/2302\/revisions"}],"predecessor-version":[{"id":2305,"href":"https:\/\/blog.intef.es\/alboran\/wp-json\/wp\/v2\/posts\/2302\/revisions\/2305"}],"wp:attachment":[{"href":"https:\/\/blog.intef.es\/alboran\/wp-json\/wp\/v2\/media?parent=2302"}],"wp:term":[{"taxonomy":"category","embeddable":true,"href":"https:\/\/blog.intef.es\/alboran\/wp-json\/wp\/v2\/categories?post=2302"},{"taxonomy":"post_tag","embeddable":true,"href":"https:\/\/blog.intef.es\/alboran\/wp-json\/wp\/v2\/tags?post=2302"}],"curies":[{"name":"wp","href":"https:\/\/api.w.org\/{rel}","templated":true}]}}