{"id":232,"date":"2016-08-31T12:36:13","date_gmt":"2016-08-31T10:36:13","guid":{"rendered":"http:\/\/pruebas-1.pntic.mec.es\/multiblog\/alboran\/?p=232"},"modified":"2024-05-31T09:20:41","modified_gmt":"2024-05-31T07:20:41","slug":"poner-nota-media-en-la-promocion","status":"publish","type":"post","link":"https:\/\/blog.intef.es\/alboran\/2016\/08\/31\/poner-nota-media-en-la-promocion\/","title":{"rendered":"IES: Nota media de curso y de etapa. Decisi\u00f3n de promoci\u00f3n. Promoci\u00f3n en ciclos formativos"},"content":{"rendered":"<h2>\u00bfC\u00f3mo se calcula la nota media?<\/h2>\n<p>En centros de secundaria y formaci\u00f3n profesional, la aplicaci\u00f3n Albor\u00e1n hace el c\u00e1lculo de la nota media de un alumno en los\u00a0\u00faltimos cursos de cada estudio, al grabar la decisi\u00f3n de promoci\u00f3n como <strong>S<\/strong> (S\u00ed), la nota media calculada sera la nota media de la ETAPA (la de finalizaci\u00f3n ese estudio), a partir de todas las materias cursadas.<\/p>\n<p>La decisi\u00f3n general de promoci\u00f3n es <strong>S<\/strong> (S\u00ed) para indicar que un alumno promociona al curso siguiente de sus estudios o que finaliza la etapa educativa, y <strong>N<\/strong>\u00a0(en convocatoria ordinaria) para\u00a0indicar que no promociona, por lo que deber\u00e1 acudir a la convocatoria extraordinaria, y si registra N en la convocatoria extraordinaria indica que no promociona y que deber\u00e1 repetir el curso de los estudios en que estaba matriculado con las condiciones que corresponda de\u00a0las materias a repetir.<\/p>\n<p>Para los estudios de Ciclos Formativos de Formaci\u00f3n Profesional adem\u00e1s de los valores S o N tambi\u00e9n est\u00e1n permitidos otros valores para el campo [Decisi\u00f3n de Promoci\u00f3n], que primcipalmente tienen utilidad en su inclusi\u00f3n en las actas de evaluaci\u00f3n:<\/p>\n<ul>\n<li>2, Promociona a 2\u00ba<\/li>\n<li>P, Promociona a 2 con pendiente<\/li>\n<li>F, promociona a FCT<\/li>\n<li>T, promociona a FCT con m\u00f3dulos pendientes<\/li>\n<li>E, promociona a evaluaci\u00f3n extraordinaria<\/li>\n<\/ul>\n<p>Para los estudios de Educaci\u00f3n Secundaria para Personas Adultas (ESPA y ESPD) el c\u00e1lculo de las notas medias se\u00a0hace por NIVEL y por \u00c1MBITO. La media de la etapa se calcula a partir de la media de cada uno de los \u00e1mbitos (Orden ECD\/651\/2017, de 5 de julio).<\/p>\n<p>Se ha corregido recientemente (4 de junio de 2019) el c\u00e1lculo de la nota media, y puede que existan casos de alumnos que tengan registradas notas medias\u00a0generadas anteriormente que sea err\u00f3neas.<\/p>\n<p><span style=\"color: #3366ff\"><strong>Importante:<\/strong><\/span> Albor\u00e1n\u00a0<span style=\"color: #3366ff\"><strong>una vez anotada la decisi\u00f3n de promoci\u00f3n a S realiza autom\u00e1ticamente el c\u00e1lculo de la nota media, siempre que antes no existiera un valor registrado<\/strong><\/span>.<\/p>\n<p>Si la nota media no se considera correcta por situaciones que no son gestionadas en la aplicaci\u00f3n, esta\u00a0<span style=\"color: #3366ff\"><strong>nota media puede registrarse\/modificarse manualmente<\/strong><\/span>. Este ser\u00eda tambi\u00e9n <span style=\"color: #3366ff\"><strong>el caso de que se cambien calificaciones en materias despu\u00e9s de haber registrado la decisi\u00f3n de promoci\u00f3n<\/strong><\/span>. Aunque <strong><span style=\"color: #3366ff\">lo recomendable ser\u00eda borrar la nota media y guardar<\/span><\/strong>, para que la aplicaci\u00f3n la recalcule autom\u00e1ticamente.<\/p>\n<p>Tambi\u00e9n es posible que se necesite\u00a0<span style=\"color: #3366ff\"><strong>borrar la nota media<\/strong><\/span>, por ejemplo en el caso de que se haya registrado primero una decisi\u00f3n S (la aplicaci\u00f3n calcula la media) y despu\u00e9s una\u00a0<span style=\"color: #3366ff\"><strong>decisi\u00f3n de N<\/strong><\/span>\u00a0(albor\u00e1n no borra la media). En este caso, basta con que el operador borre las notas medias registradas y pulse el bot\u00f3n guardar.<\/p>\n<h2><strong>\u00bfC\u00f3mo cambiar la nota media de un alumno o hacer que la recalcule Albor\u00e1n?<\/strong><\/h2>\n<p>Para corregir errores de c\u00e1lculo o para contemplar situaciones especiales en las que no sea posible calcular la nota media, Albor\u00e1n permite que el secretario del centro corrija la nota media registrada para un alumno. Puede realizarse escribiendo el valor correcto, o borrando el actual, y, despu\u00e9s de pulsar en guardar, Albor\u00e1n registrar\u00e1 el valor aportado, o recalcular\u00e1 el valor si \u00e9ste se dej\u00f3 vac\u00edo.<\/p>\n<h2><strong>\u00bfD\u00f3nde hacer el cambio o correcci\u00f3n?<\/strong><\/h2>\n<ul>\n<li>Evaluaci\u00f3n &gt; Promoci\u00f3n por grupo, en las columnas Media y Media (rel), para aquellos alumnos con la decisi\u00f3n de promoci\u00f3n igual a S en las columnas Ord(inaria) o Extra(ordinaria).<\/li>\n<li>Seleccionando un alumno &gt; Alumno seleccionado &gt; Evaluaci\u00f3n promo,\u00a0en las columnas Media y Media (rel), cuando el alumno tenga la decisi\u00f3n de promoci\u00f3n igual a S en las columnas Ord(inaria) o Extra(ordinaria).<\/li>\n<\/ul>\n<h2><a href=\"https:\/\/blog.intef.es\/alboran\/2019\/07\/02\/ies-evaluaciones-y-decisiones-de-promocion-en-ciclos-formativos\/\" target=\"_blank\" rel=\"noopener\">Las decisiones de promoci\u00f3n y las evaluaciones en ciclos formativos<\/a><\/h2>\n<p><a href=\"https:\/\/blog.intef.es\/alboran\/2019\/07\/02\/ies-evaluaciones-y-decisiones-de-promocion-en-ciclos-formativos\/\" target=\"_blank\" rel=\"noopener\">Haz clic en este enlace para acudir a este contenido<\/a>.<\/p>\n<h3><\/h3>\n","protected":false},"excerpt":{"rendered":"<p>\u00bfC\u00f3mo se calcula la nota media? En centros de secundaria y formaci\u00f3n profesional, la aplicaci\u00f3n Albor\u00e1n hace el c\u00e1lculo de la nota media de un alumno en los\u00a0\u00faltimos cursos de cada estudio, al grabar la decisi\u00f3n de promoci\u00f3n como S&hellip;<\/p>\n<p class=\"more-link-p\"><a class=\"more-link\" target=\"blank\" href=\"https:\/\/blog.intef.es\/alboran\/2016\/08\/31\/poner-nota-media-en-la-promocion\/\">Leer m\u00e1s &rarr;<\/a><\/p>\n","protected":false},"author":6,"featured_media":0,"comment_status":"closed","ping_status":"open","sticky":false,"template":"","format":"standard","meta":{"footnotes":""},"categories":[66],"tags":[15,213,220,83,82,81,44,45,80,79,51],"_links":{"self":[{"href":"https:\/\/blog.intef.es\/alboran\/wp-json\/wp\/v2\/posts\/232"}],"collection":[{"href":"https:\/\/blog.intef.es\/alboran\/wp-json\/wp\/v2\/posts"}],"about":[{"href":"https:\/\/blog.intef.es\/alboran\/wp-json\/wp\/v2\/types\/post"}],"author":[{"embeddable":true,"href":"https:\/\/blog.intef.es\/alboran\/wp-json\/wp\/v2\/users\/6"}],"replies":[{"embeddable":true,"href":"https:\/\/blog.intef.es\/alboran\/wp-json\/wp\/v2\/comments?post=232"}],"version-history":[{"count":12,"href":"https:\/\/blog.intef.es\/alboran\/wp-json\/wp\/v2\/posts\/232\/revisions"}],"predecessor-version":[{"id":2152,"href":"https:\/\/blog.intef.es\/alboran\/wp-json\/wp\/v2\/posts\/232\/revisions\/2152"}],"wp:attachment":[{"href":"https:\/\/blog.intef.es\/alboran\/wp-json\/wp\/v2\/media?parent=232"}],"wp:term":[{"taxonomy":"category","embeddable":true,"href":"https:\/\/blog.intef.es\/alboran\/wp-json\/wp\/v2\/categories?post=232"},{"taxonomy":"post_tag","embeddable":true,"href":"https:\/\/blog.intef.es\/alboran\/wp-json\/wp\/v2\/tags?post=232"}],"curies":[{"name":"wp","href":"https:\/\/api.w.org\/{rel}","templated":true}]}}