{"id":294,"date":"2016-10-28T07:37:36","date_gmt":"2016-10-28T05:37:36","guid":{"rendered":"https:\/\/blog.intef.es\/alboran\/?p=294"},"modified":"2019-11-26T10:58:55","modified_gmt":"2019-11-26T09:58:55","slug":"mejoras-y-tareas-de-trabajo-respecto-a-la-generacion-del-doc","status":"publish","type":"post","link":"https:\/\/blog.intef.es\/alboran\/2016\/10\/28\/mejoras-y-tareas-de-trabajo-respecto-a-la-generacion-del-doc\/","title":{"rendered":"Mejoras y tareas de trabajo respecto a la generaci\u00f3n del DOC"},"content":{"rendered":"<div class=\"entry-content\">\n<div class=\"entry-content-text\">\n<h2>Revisi\u00f3n n\u00ba 360<\/h2>\n<p><a href=\"https:\/\/blog.intef.es\/alboran\/wp-content\/uploads\/2016\/10\/refresh_256.png\"><img loading=\"lazy\" decoding=\"async\" class=\"alignleft wp-image-278\" src=\"https:\/\/blog.intef.es\/alboran\/wp-content\/uploads\/2016\/10\/refresh_256-150x150.png\" alt=\"refresh_256\" width=\"136\" height=\"136\" srcset=\"https:\/\/blog.intef.es\/alboran\/wp-content\/uploads\/2016\/10\/refresh_256-150x150.png 150w, https:\/\/blog.intef.es\/alboran\/wp-content\/uploads\/2016\/10\/refresh_256.png 256w\" sizes=\"(max-width: 136px) 100vw, 136px\" \/><\/a>Nuevo despliegue de desarrollo de la revisi\u00f3n n\u00ba 360, en la que se incorporan o mejoran ciertos aspectos:<\/p>\n<ul>\n<li>Soluci\u00f3n a error al obtener los miembros de la comisi\u00f3n pedag\u00f3gica<\/li>\n<li>Se valida el tipo documento<\/li>\n<li>Se modifica a formato LOMCE y se arregla que salgan duplicados los profesores<\/li>\n<li>Se amp\u00eda el campo para tel\u00e9fono<\/li>\n<li>Mejoras en generaci\u00f3n del DOC 3.1<\/li>\n<\/ul>\n<h2>Generaci\u00f3n del DOC<\/h2>\n<p><a href=\"https:\/\/blog.intef.es\/alboran\/wp-content\/uploads\/2016\/10\/DOC.jpg\"><img loading=\"lazy\" decoding=\"async\" class=\" wp-image-295 alignleft\" src=\"https:\/\/blog.intef.es\/alboran\/wp-content\/uploads\/2016\/10\/DOC.jpg\" alt=\"DOC\" width=\"117\" height=\"126\" \/><\/a>Por otro lado, como viene siendo habitual en estas fechas, se est\u00e1 trabajando en la generaci\u00f3n del DOC de una forma \u00e1gil y en el formato que sea mas adecuado. A d\u00eda de hoy en Primaria existen dos modos de generarlo, uno en &#8216;pdf&#8217; y otro en &#8216;docx&#8217;, en secundaria solo de esta \u00faltima forma.<\/p>\n<p>Se plantea hacerlo de forma que se pueda generar por partes antes de generar el final.<\/p>\n<p>En pr\u00f3ximas entregas os comentaremos la soluci\u00f3n adoptada.<\/p>\n<p>&nbsp;<\/p>\n<\/div>\n<\/div>\n","protected":false},"excerpt":{"rendered":"<p>Revisi\u00f3n n\u00ba 360 Nuevo despliegue de desarrollo de la revisi\u00f3n n\u00ba 360, en la que se incorporan o mejoran ciertos aspectos: Soluci\u00f3n a error al obtener los miembros de la comisi\u00f3n pedag\u00f3gica Se valida el tipo documento Se modifica a&hellip;<\/p>\n<p class=\"more-link-p\"><a class=\"more-link\" target=\"blank\" href=\"https:\/\/blog.intef.es\/alboran\/2016\/10\/28\/mejoras-y-tareas-de-trabajo-respecto-a-la-generacion-del-doc\/\">Leer m\u00e1s &rarr;<\/a><\/p>\n","protected":false},"author":302,"featured_media":0,"comment_status":"open","ping_status":"open","sticky":false,"template":"","format":"standard","meta":{"footnotes":""},"categories":[66],"tags":[],"_links":{"self":[{"href":"https:\/\/blog.intef.es\/alboran\/wp-json\/wp\/v2\/posts\/294"}],"collection":[{"href":"https:\/\/blog.intef.es\/alboran\/wp-json\/wp\/v2\/posts"}],"about":[{"href":"https:\/\/blog.intef.es\/alboran\/wp-json\/wp\/v2\/types\/post"}],"author":[{"embeddable":true,"href":"https:\/\/blog.intef.es\/alboran\/wp-json\/wp\/v2\/users\/302"}],"replies":[{"embeddable":true,"href":"https:\/\/blog.intef.es\/alboran\/wp-json\/wp\/v2\/comments?post=294"}],"version-history":[{"count":2,"href":"https:\/\/blog.intef.es\/alboran\/wp-json\/wp\/v2\/posts\/294\/revisions"}],"predecessor-version":[{"id":297,"href":"https:\/\/blog.intef.es\/alboran\/wp-json\/wp\/v2\/posts\/294\/revisions\/297"}],"wp:attachment":[{"href":"https:\/\/blog.intef.es\/alboran\/wp-json\/wp\/v2\/media?parent=294"}],"wp:term":[{"taxonomy":"category","embeddable":true,"href":"https:\/\/blog.intef.es\/alboran\/wp-json\/wp\/v2\/categories?post=294"},{"taxonomy":"post_tag","embeddable":true,"href":"https:\/\/blog.intef.es\/alboran\/wp-json\/wp\/v2\/tags?post=294"}],"curies":[{"name":"wp","href":"https:\/\/api.w.org\/{rel}","templated":true}]}}