{"id":312,"date":"2016-12-15T11:23:55","date_gmt":"2016-12-15T11:23:55","guid":{"rendered":"https:\/\/blog.intef.es\/alboran\/?p=312"},"modified":"2021-05-19T18:53:24","modified_gmt":"2021-05-19T16:53:24","slug":"columnas-adicionales-en-las-notas-y-boletines-definidos","status":"publish","type":"post","link":"https:\/\/blog.intef.es\/alboran\/2016\/12\/15\/columnas-adicionales-en-las-notas-y-boletines-definidos\/","title":{"rendered":"Columnas adicionales en las notas y boletines definidos"},"content":{"rendered":"<p>A continuaci\u00f3n se detalla el procedimiento para utilizar las columnas adicionales en las notas y boletines.<\/p>\n<p><span style=\"color: #3366ff\"><strong>Importante: esta funcionalidad solo est\u00e1 disponible para estudios de ESO y Bachillerato.<\/strong><\/span><\/p>\n<p>Al final del art\u00edculo se puede descargar este mismo contenido en formato PDF.<\/p>\n<p><!--more--><\/p>\n<p><strong>1. Columnas adicionales en las notas y boletines definidos<\/strong><\/p>\n<p>Al entrar en el apartado notas (Evaluaci\u00f3n\/ conocimientos por materia) aparecen una serie de columnas a la derecha:<\/p>\n<p><a href=\"https:\/\/blog.intef.es\/alboran\/wp-content\/uploads\/2016\/12\/1.png\"><img loading=\"lazy\" decoding=\"async\" class=\"aligncenter wp-image-313 size-large\" src=\"https:\/\/blog.intef.es\/alboran\/wp-content\/uploads\/2016\/12\/1-1024x337.png\" alt=\"1\" width=\"860\" height=\"283\" srcset=\"https:\/\/blog.intef.es\/alboran\/wp-content\/uploads\/2016\/12\/1-1024x337.png 1024w, https:\/\/blog.intef.es\/alboran\/wp-content\/uploads\/2016\/12\/1-300x99.png 300w, https:\/\/blog.intef.es\/alboran\/wp-content\/uploads\/2016\/12\/1.png 1388w\" sizes=\"(max-width: 860px) 100vw, 860px\" \/><\/a><\/p>\n<p>&nbsp;<\/p>\n<p>Para que estas columnas aparezcan o no depende de la configuraci\u00f3n. Debemos acceder a Configuraci\u00f3n\/Sistema Educativo \/Especial.\/Modalidad<\/p>\n<p>Seleccionamos una ense\u00f1anza, por ejemplo ESO<\/p>\n<p><a href=\"https:\/\/blog.intef.es\/alboran\/wp-content\/uploads\/2016\/12\/2.jpg\"><img loading=\"lazy\" decoding=\"async\" class=\"aligncenter wp-image-315 size-large\" src=\"https:\/\/blog.intef.es\/alboran\/wp-content\/uploads\/2016\/12\/2-1024x479.jpg\" alt=\"2\" width=\"860\" height=\"402\" srcset=\"https:\/\/blog.intef.es\/alboran\/wp-content\/uploads\/2016\/12\/2-1024x479.jpg 1024w, https:\/\/blog.intef.es\/alboran\/wp-content\/uploads\/2016\/12\/2-300x140.jpg 300w, https:\/\/blog.intef.es\/alboran\/wp-content\/uploads\/2016\/12\/2.jpg 1042w\" sizes=\"(max-width: 860px) 100vw, 860px\" \/><\/a><\/p>\n<p>Debemos entrar en seleccionar un curso:<\/p>\n<p><a href=\"https:\/\/blog.intef.es\/alboran\/wp-content\/uploads\/2016\/12\/3.png\"><img loading=\"lazy\" decoding=\"async\" class=\"aligncenter wp-image-316 size-full\" src=\"https:\/\/blog.intef.es\/alboran\/wp-content\/uploads\/2016\/12\/3.png\" alt=\"3\" width=\"789\" height=\"254\" srcset=\"https:\/\/blog.intef.es\/alboran\/wp-content\/uploads\/2016\/12\/3.png 789w, https:\/\/blog.intef.es\/alboran\/wp-content\/uploads\/2016\/12\/3-300x97.png 300w\" sizes=\"(max-width: 789px) 100vw, 789px\" \/><\/a><\/p>\n<p>&nbsp;<\/p>\n<p>Una vez aqu\u00ed nos vamos a datos adicionales:<\/p>\n<p><a href=\"https:\/\/blog.intef.es\/alboran\/wp-content\/uploads\/2016\/12\/4.jpg\"><img loading=\"lazy\" decoding=\"async\" class=\"aligncenter size-large wp-image-317\" src=\"https:\/\/blog.intef.es\/alboran\/wp-content\/uploads\/2016\/12\/4-1024x253.jpg\" alt=\"4\" width=\"860\" height=\"212\" srcset=\"https:\/\/blog.intef.es\/alboran\/wp-content\/uploads\/2016\/12\/4-1024x253.jpg 1024w, https:\/\/blog.intef.es\/alboran\/wp-content\/uploads\/2016\/12\/4-300x74.jpg 300w, https:\/\/blog.intef.es\/alboran\/wp-content\/uploads\/2016\/12\/4.jpg 1047w\" sizes=\"(max-width: 860px) 100vw, 860px\" \/><\/a><\/p>\n<p>&nbsp;<\/p>\n<p>Para el curso en cuesti\u00f3n, en este caso 3\u00ba de ESO.<\/p>\n<p>Ahora pulsamos datos adicionales:<\/p>\n<p><a href=\"https:\/\/blog.intef.es\/alboran\/wp-content\/uploads\/2016\/12\/5.jpg\"><img loading=\"lazy\" decoding=\"async\" class=\"aligncenter size-full wp-image-318\" src=\"https:\/\/blog.intef.es\/alboran\/wp-content\/uploads\/2016\/12\/5.jpg\" alt=\"5\" width=\"901\" height=\"685\" srcset=\"https:\/\/blog.intef.es\/alboran\/wp-content\/uploads\/2016\/12\/5.jpg 901w, https:\/\/blog.intef.es\/alboran\/wp-content\/uploads\/2016\/12\/5-300x228.jpg 300w\" sizes=\"(max-width: 901px) 100vw, 901px\" \/><\/a><\/p>\n<p>Si eliminamos el texto la columna no aparece. Si en \u00abTexto Grado\u00bb eliminamos el texto, la columna \u00abG.C.O.\u00bb no aparece. Si en \u00abtexto de inter\u00e9s eliminamos el texto y lo dejamos en blanco desaparece la columna \u00abA.C.B.\u00bb<\/p>\n<p>El texto aparece en el encabezado la columna y la leyenda al pie del bolet\u00edn definido.<\/p>\n<p>Si queremos meter observaciones debemos \u00a0poner texto en el apartado \u00abTexto observaciones.<\/p>\n<p><strong>1.1. Observaciones a las materias en los boletines<\/strong><\/p>\n<p>Las observaciones no son un campo libre sino que est\u00e1n codificadas, cuando nos situamos en esa casilla nos aparece un desplegable, en este caso son c\u00f3digos num\u00e9ricos:<\/p>\n<p><a href=\"https:\/\/blog.intef.es\/alboran\/wp-content\/uploads\/2016\/12\/6.jpg\"><img loading=\"lazy\" decoding=\"async\" class=\"aligncenter size-full wp-image-319\" src=\"https:\/\/blog.intef.es\/alboran\/wp-content\/uploads\/2016\/12\/6.jpg\" alt=\"6\" width=\"624\" height=\"394\" srcset=\"https:\/\/blog.intef.es\/alboran\/wp-content\/uploads\/2016\/12\/6.jpg 624w, https:\/\/blog.intef.es\/alboran\/wp-content\/uploads\/2016\/12\/6-300x189.jpg 300w\" sizes=\"(max-width: 624px) 100vw, 624px\" \/><\/a><\/p>\n<p>Para gestionar estas observaciones codificadas debemos ir a Configuraci\u00f3n\/ Calificaciones\/ Observaciones:<\/p>\n<p><a href=\"https:\/\/blog.intef.es\/alboran\/wp-content\/uploads\/2016\/12\/7.jpg\"><img loading=\"lazy\" decoding=\"async\" class=\"aligncenter size-large wp-image-320\" src=\"https:\/\/blog.intef.es\/alboran\/wp-content\/uploads\/2016\/12\/7-1024x482.jpg\" alt=\"7\" width=\"860\" height=\"405\" srcset=\"https:\/\/blog.intef.es\/alboran\/wp-content\/uploads\/2016\/12\/7-1024x482.jpg 1024w, https:\/\/blog.intef.es\/alboran\/wp-content\/uploads\/2016\/12\/7-300x141.jpg 300w, https:\/\/blog.intef.es\/alboran\/wp-content\/uploads\/2016\/12\/7.jpg 1043w\" sizes=\"(max-width: 860px) 100vw, 860px\" \/><\/a><\/p>\n<p>Podemos editar las existentes, borrarlas o poner observaciones nuevas, por ejemplo:<\/p>\n<p><a href=\"https:\/\/blog.intef.es\/alboran\/wp-content\/uploads\/2016\/12\/8.jpg\"><img loading=\"lazy\" decoding=\"async\" class=\"aligncenter size-full wp-image-321\" src=\"https:\/\/blog.intef.es\/alboran\/wp-content\/uploads\/2016\/12\/8.jpg\" alt=\"8\" width=\"625\" height=\"203\" srcset=\"https:\/\/blog.intef.es\/alboran\/wp-content\/uploads\/2016\/12\/8.jpg 625w, https:\/\/blog.intef.es\/alboran\/wp-content\/uploads\/2016\/12\/8-300x97.jpg 300w\" sizes=\"(max-width: 625px) 100vw, 625px\" \/><\/a><\/p>\n<p>Las observaciones pueden ser del profesor de cada materia o del tutor.<\/p>\n<p>Los c\u00f3digos no tienen por qu\u00e9 ser num\u00e9rico<\/p>\n<p><a href=\"https:\/\/blog.intef.es\/alboran\/wp-content\/uploads\/2016\/12\/9.jpg\"><img loading=\"lazy\" decoding=\"async\" class=\"aligncenter wp-image-322 size-full\" src=\"https:\/\/blog.intef.es\/alboran\/wp-content\/uploads\/2016\/12\/9.jpg\" alt=\"9\" width=\"777\" height=\"48\" srcset=\"https:\/\/blog.intef.es\/alboran\/wp-content\/uploads\/2016\/12\/9.jpg 777w, https:\/\/blog.intef.es\/alboran\/wp-content\/uploads\/2016\/12\/9-300x19.jpg 300w\" sizes=\"(max-width: 777px) 100vw, 777px\" \/><\/a><\/p>\n<p>&nbsp;<\/p>\n<p>Estas observaciones aparecer\u00e1n en el bolet\u00edn de notas definido, al pie de la tabla de calificaciones:<a href=\"https:\/\/blog.intef.es\/alboran\/wp-content\/uploads\/2016\/12\/10.jpg\"><img loading=\"lazy\" decoding=\"async\" class=\"aligncenter wp-image-323 size-full\" src=\"https:\/\/blog.intef.es\/alboran\/wp-content\/uploads\/2016\/12\/10.jpg\" alt=\"10\" width=\"952\" height=\"167\" srcset=\"https:\/\/blog.intef.es\/alboran\/wp-content\/uploads\/2016\/12\/10.jpg 952w, https:\/\/blog.intef.es\/alboran\/wp-content\/uploads\/2016\/12\/10-300x53.jpg 300w\" sizes=\"(max-width: 952px) 100vw, 952px\" \/><\/a><\/p>\n<p>&nbsp;<\/p>\n<p><strong>1.2. Grado e Inter\u00e9s<\/strong><\/p>\n<p>Para definir los valores que se admiten en la columna \u00abGrado\u00bb debemos de ir a configuraci\u00f3n, igual que en el caso anterior, pero el apartado se llama \u00abobjetivos\u00bb:<\/p>\n<p><a href=\"https:\/\/blog.intef.es\/alboran\/wp-content\/uploads\/2016\/12\/11.jpg\"><img loading=\"lazy\" decoding=\"async\" class=\"aligncenter size-large wp-image-324\" src=\"https:\/\/blog.intef.es\/alboran\/wp-content\/uploads\/2016\/12\/11-1024x280.jpg\" alt=\"11\" width=\"860\" height=\"235\" srcset=\"https:\/\/blog.intef.es\/alboran\/wp-content\/uploads\/2016\/12\/11-1024x280.jpg 1024w, https:\/\/blog.intef.es\/alboran\/wp-content\/uploads\/2016\/12\/11-300x82.jpg 300w, https:\/\/blog.intef.es\/alboran\/wp-content\/uploads\/2016\/12\/11.jpg 1032w\" sizes=\"(max-width: 860px) 100vw, 860px\" \/><\/a><\/p>\n<p>&nbsp;<\/p>\n<p>Podemos a\u00f1adir y editar, pero en el bolet\u00edn definido solo aparecer\u00e1 la clave, y no el texto explicativo.<\/p>\n<p>&nbsp;<\/p>\n<p>Para definir los valores de la columna \u00abInter\u00e9s\u00bb debemos de ir al apartado de configuraci\u00f3n \u00abCompetencias b\u00e1sicas\u00bb. Al igual que en el caso anterior s\u00f3lo se refleja en el bolet\u00edn la clave y no el texto explicativo, que se empleaba en otros documentos acad\u00e9micos.<\/p>\n<p>En este ejemplo los valores que se han definido son alto, medio y bajo:<\/p>\n<p><a href=\"https:\/\/blog.intef.es\/alboran\/wp-content\/uploads\/2016\/12\/12.jpg\"><img loading=\"lazy\" decoding=\"async\" class=\"aligncenter size-large wp-image-325\" src=\"https:\/\/blog.intef.es\/alboran\/wp-content\/uploads\/2016\/12\/12-1024x278.jpg\" alt=\"12\" width=\"860\" height=\"233\" srcset=\"https:\/\/blog.intef.es\/alboran\/wp-content\/uploads\/2016\/12\/12-1024x278.jpg 1024w, https:\/\/blog.intef.es\/alboran\/wp-content\/uploads\/2016\/12\/12-300x81.jpg 300w, https:\/\/blog.intef.es\/alboran\/wp-content\/uploads\/2016\/12\/12.jpg 1050w\" sizes=\"(max-width: 860px) 100vw, 860px\" \/><\/a><\/p>\n<p>&nbsp;<\/p>\n<p><strong>1.3. Medidas<\/strong><\/p>\n<p>En el apartado de \u00abMedidas se establece las medidas educativas aplicadas al alumno. En este ejemplo s\u00f3lo se han definido dos valores, S (s\u00ed) y N (no)\u00bb<\/p>\n<p><a href=\"https:\/\/blog.intef.es\/alboran\/wp-content\/uploads\/2016\/12\/13.jpg\"><img loading=\"lazy\" decoding=\"async\" class=\"aligncenter wp-image-326 size-large\" src=\"https:\/\/blog.intef.es\/alboran\/wp-content\/uploads\/2016\/12\/13-1024x243.jpg\" alt=\"13\" width=\"860\" height=\"204\" srcset=\"https:\/\/blog.intef.es\/alboran\/wp-content\/uploads\/2016\/12\/13-1024x243.jpg 1024w, https:\/\/blog.intef.es\/alboran\/wp-content\/uploads\/2016\/12\/13-300x71.jpg 300w, https:\/\/blog.intef.es\/alboran\/wp-content\/uploads\/2016\/12\/13.jpg 1042w\" sizes=\"(max-width: 860px) 100vw, 860px\" \/><\/a><\/p>\n<p>Podemos a\u00f1adir y establecer medidas concretas aplicadas, por ejemplo:<\/p>\n<p><a href=\"https:\/\/blog.intef.es\/alboran\/wp-content\/uploads\/2016\/12\/14.jpg\"><img loading=\"lazy\" decoding=\"async\" class=\"aligncenter size-full wp-image-327\" src=\"https:\/\/blog.intef.es\/alboran\/wp-content\/uploads\/2016\/12\/14.jpg\" alt=\"14\" width=\"610\" height=\"172\" srcset=\"https:\/\/blog.intef.es\/alboran\/wp-content\/uploads\/2016\/12\/14.jpg 610w, https:\/\/blog.intef.es\/alboran\/wp-content\/uploads\/2016\/12\/14-300x85.jpg 300w\" sizes=\"(max-width: 610px) 100vw, 610px\" \/><\/a><\/p>\n<p>Estas medidas NO aparecer\u00e1n en el bolet\u00edn con su texto de escala, s\u00f3lo el valor de la clave.<\/p>\n<p><strong>1.4. Escalas de calificaci\u00f3n<\/strong><\/p>\n<p>En este apartado se configura las escalas de calificaci\u00f3n de objetivos de etapa:<\/p>\n<p><a href=\"https:\/\/blog.intef.es\/alboran\/wp-content\/uploads\/2016\/12\/15.jpg\"><img loading=\"lazy\" decoding=\"async\" class=\"aligncenter size-large wp-image-328\" src=\"https:\/\/blog.intef.es\/alboran\/wp-content\/uploads\/2016\/12\/15-1024x278.jpg\" alt=\"15\" width=\"860\" height=\"233\" srcset=\"https:\/\/blog.intef.es\/alboran\/wp-content\/uploads\/2016\/12\/15-1024x278.jpg 1024w, https:\/\/blog.intef.es\/alboran\/wp-content\/uploads\/2016\/12\/15-300x81.jpg 300w, https:\/\/blog.intef.es\/alboran\/wp-content\/uploads\/2016\/12\/15.jpg 1036w\" sizes=\"(max-width: 860px) 100vw, 860px\" \/><\/a><\/p>\n<p>No genera columna en las notas de las materias ni en los boletines. Actualmente no existe la calificaci\u00f3n de etapas en secundaria ni en primaria.<\/p>\n<h3>Descarga en formato PDF.<\/h3>\n<p><a href=\"https:\/\/blog.intef.es\/alboran\/wp-content\/uploads\/2016\/12\/columnas-notas-y-boletines.pdf\"><img loading=\"lazy\" decoding=\"async\" class=\"aligncenter wp-image-334\" src=\"https:\/\/blog.intef.es\/alboran\/wp-content\/uploads\/2016\/12\/logo-PDF-150x150.jpg\" alt=\"logo PDF\" width=\"75\" height=\"75\" srcset=\"https:\/\/blog.intef.es\/alboran\/wp-content\/uploads\/2016\/12\/logo-PDF-150x150.jpg 150w, https:\/\/blog.intef.es\/alboran\/wp-content\/uploads\/2016\/12\/logo-PDF.jpg 300w\" sizes=\"(max-width: 75px) 100vw, 75px\" \/><\/a><\/p>\n<p style=\"text-align: center\"><a href=\"https:\/\/blog.intef.es\/alboran\/wp-content\/uploads\/2016\/12\/columnas-notas-y-boletines.pdf\">Pulse aqu\u00ed para descargar el PDF<\/a><\/p>\n<p>&nbsp;<\/p>\n<p>&nbsp;<\/p>\n","protected":false},"excerpt":{"rendered":"<p>A continuaci\u00f3n se detalla el procedimiento para utilizar las columnas adicionales en las notas y boletines. Importante: esta funcionalidad solo est\u00e1 disponible para estudios de ESO y Bachillerato. Al final del art\u00edculo se puede descargar este mismo contenido en formato&hellip;<\/p>\n<p class=\"more-link-p\"><a class=\"more-link\" target=\"blank\" href=\"https:\/\/blog.intef.es\/alboran\/2016\/12\/15\/columnas-adicionales-en-las-notas-y-boletines-definidos\/\">Leer m\u00e1s &rarr;<\/a><\/p>\n","protected":false},"author":6,"featured_media":0,"comment_status":"open","ping_status":"open","sticky":false,"template":"","format":"standard","meta":{"footnotes":""},"categories":[66],"tags":[],"_links":{"self":[{"href":"https:\/\/blog.intef.es\/alboran\/wp-json\/wp\/v2\/posts\/312"}],"collection":[{"href":"https:\/\/blog.intef.es\/alboran\/wp-json\/wp\/v2\/posts"}],"about":[{"href":"https:\/\/blog.intef.es\/alboran\/wp-json\/wp\/v2\/types\/post"}],"author":[{"embeddable":true,"href":"https:\/\/blog.intef.es\/alboran\/wp-json\/wp\/v2\/users\/6"}],"replies":[{"embeddable":true,"href":"https:\/\/blog.intef.es\/alboran\/wp-json\/wp\/v2\/comments?post=312"}],"version-history":[{"count":13,"href":"https:\/\/blog.intef.es\/alboran\/wp-json\/wp\/v2\/posts\/312\/revisions"}],"predecessor-version":[{"id":1386,"href":"https:\/\/blog.intef.es\/alboran\/wp-json\/wp\/v2\/posts\/312\/revisions\/1386"}],"wp:attachment":[{"href":"https:\/\/blog.intef.es\/alboran\/wp-json\/wp\/v2\/media?parent=312"}],"wp:term":[{"taxonomy":"category","embeddable":true,"href":"https:\/\/blog.intef.es\/alboran\/wp-json\/wp\/v2\/categories?post=312"},{"taxonomy":"post_tag","embeddable":true,"href":"https:\/\/blog.intef.es\/alboran\/wp-json\/wp\/v2\/tags?post=312"}],"curies":[{"name":"wp","href":"https:\/\/api.w.org\/{rel}","templated":true}]}}