{"id":582,"date":"2018-06-27T08:52:21","date_gmt":"2018-06-27T06:52:21","guid":{"rendered":"https:\/\/blog.intef.es\/alboran\/?p=582"},"modified":"2023-07-28T11:35:12","modified_gmt":"2023-07-28T09:35:12","slug":"matriculacion-en-ceip-alumnos-nuevos-admitidos-y-promocionados-desde-curso-anterior","status":"publish","type":"post","link":"https:\/\/blog.intef.es\/alboran\/2018\/06\/27\/matriculacion-en-ceip-alumnos-nuevos-admitidos-y-promocionados-desde-curso-anterior\/","title":{"rendered":"CEIP: Matr\u00edculaci\u00f3n de alumnos nuevos del proceso de admisi\u00f3n, promocionados desde curso anterior, repetidores, trasladados"},"content":{"rendered":"<h2>A\u00f1o escolar actual y configuraci\u00f3n del a\u00f1o escolar siguiente<\/h2>\n<h3>A\u00f1o escolar\u00a0actual<\/h3>\n<p>Al finalizar el\u00a0a\u00f1o escolar todos los alumnos tienen en su evaluaci\u00f3n final la decisi\u00f3n de promoci\u00f3n (S\/N) que se debe gestionar en Men\u00fa: Evaluaci\u00f3n &gt; Conocimientos por Grupo., o en el apartado Alumnado &gt; Alumnos &gt; Alumnado Seleccionado &gt; Matr\u00edculas &gt; Matr\u00edcula seleccionada &gt; Notas [Otros datos de evaluaci\u00f3n] de un determinado alumno del que se haya seleccionado una de sus matr\u00edculas.<\/p>\n<p>Tambi\u00e9n se ha realizado el proceso de adscripci\u00f3n y admisi\u00f3n de alumnos nuevos para el pr\u00f3ximo curso. Los datos de los alumnos admitidos y preparados para matricular se encontran en Men\u00fa: Inicio de curso &gt; Matriculaci\u00f3n alumnos admisi\u00f3n<\/p>\n<h3>A\u00f1o escolar siguiente<\/h3>\n<p>El a\u00f1o escolar siguiente suele estar disponible para ciertas gestiones administrativas al final del a\u00f1o escolar, pero\u00a0requiere de tareas de <strong>configuraci\u00f3n<\/strong> para poder realizar correctamente las tareas de matriculaci\u00f3n, horarios, etc. El a\u00f1o escolar siguiente ser\u00e1 totalmente efectivo en la primera fecha de septiembre del calendario escolar. El a\u00f1o escolar actual estar\u00e1 vigente hasta una fecha de finales de agosto.<\/p>\n<p>Sabremos que est\u00e1 disponible cuando en el desplegable de Curso que, a veces, aparece en la parte superior de la pantalla, se pueda selecciona el a\u00f1o escolar siguiente al actual. Probar con el apartado Alumnado &gt; Alumnos del men\u00fa.<\/p>\n<p><a href=\"https:\/\/blog.intef.es\/alboran\/wp-content\/uploads\/2018\/06\/ceip_matri_seleccion_curso.jpg\"><img loading=\"lazy\" decoding=\"async\" class=\"alignnone size-medium wp-image-586\" src=\"https:\/\/blog.intef.es\/alboran\/wp-content\/uploads\/2018\/06\/ceip_matri_seleccion_curso.jpg\" alt=\"\" width=\"500\" height=\"372\" \/><\/a><\/p>\n<h4>Creaci\u00f3n de grupos\u00a0en el a\u00f1o escolar siguiente<\/h4>\n<p>Se seleccina Alumnado &gt; Grupos, en el desplegable de Curso, seleccionar el <strong>a\u00f1o escolar siguiente.<\/strong><\/p>\n<p>Aparecer\u00e1 una pantalla sin grupos si todav\u00eda no se han creado. Entonces deber\u00e1n crearse los grupos o <strong>copiarse desde el a\u00f1o anterior<\/strong>.<\/p>\n<p><a href=\"https:\/\/blog.intef.es\/alboran\/wp-content\/uploads\/2018\/06\/ceip_crear_grupos.jpg\"><img loading=\"lazy\" decoding=\"async\" class=\"alignnone size-medium wp-image-587\" src=\"https:\/\/blog.intef.es\/alboran\/wp-content\/uploads\/2018\/06\/ceip_crear_grupos-300x178.jpg\" alt=\"\" width=\"300\" height=\"178\" srcset=\"https:\/\/blog.intef.es\/alboran\/wp-content\/uploads\/2018\/06\/ceip_crear_grupos-300x178.jpg 300w, https:\/\/blog.intef.es\/alboran\/wp-content\/uploads\/2018\/06\/ceip_crear_grupos-768x455.jpg 768w, https:\/\/blog.intef.es\/alboran\/wp-content\/uploads\/2018\/06\/ceip_crear_grupos.jpg 972w\" sizes=\"(max-width: 300px) 100vw, 300px\" \/><\/a><\/p>\n<p>Una vez creados los grupos o copiados del a\u00f1o anterior, debe revisarse su denominaci\u00f3n y asignaci\u00f3n de tutores (puede posponerse hasta septiembre), y en especial eliminar aquellos grupos que inspecci\u00f3n educativa no haya autorizado para el a\u00f1o siguiente.<\/p>\n<p>Es muy importante respetar la forma de nombrar los grupos (I3A, I3B, &#8230; , P1A, P1B, &#8230;) porque la aplicaci\u00f3n usa internamente ese nombre de grupo en la recuperaci\u00f3n de muchos datos, que dejar\u00edan de funcionar si no se cumple.<\/p>\n<p><span style=\"color: #3366ff\"><strong>Importante para tareas de matr\u00edcula seg\u00fan promoci\u00f3n:<\/strong><\/span><\/p>\n<p><span style=\"color: #3366ff\"><strong>Esta tarea hay que realizarla estando activo en el centro educativo el curso escolar en el que finalizan los estudios los alumnos que se van a promocionar y matricular.<\/strong><\/span><\/p>\n<p><span style=\"color: #3366ff\"><strong>Si en el curso escolar siguiente va a haber m\u00e1s\u00a0grupos que en el anterior<\/strong><\/span>, los nuevos grupos deben existir en el a\u00f1o escolar siguiente y en el anterior deben crearse los grupos que desde los que les corresponder\u00eda la promoci\u00f3n, despu\u00e9s de las promociones puede borrarse el grupo del a\u00f1o escolar anterior. Ejemplo. Si en el curso escolar 2020\/2021 existe P1A P1B, y para el curso escolar\u00a02021\/2022\u00a0se existir\u00e1n P2A, P2B y P2C (en 2\u00ba habr\u00e1 una l\u00ednea m\u00e1s que en 1\u00ba),\u00a0el grupo\u00a0P2C es nuevo en el curso\u00a02021\/2022, y en el curso\u00a02020\/2021 y debe crearse\u00a0el grupo P1C que ser\u00eda el que se origen por promoci\u00f3n natural.<\/p>\n<p><span style=\"color: #3366ff\"><strong>Si en el curso escolar siguiente va a haber menos grupos que en el anterior<\/strong><\/span>, en el curso escolar siguiente tambi\u00e9n deber\u00e1n estar creados todos los grupos que se correspondan con la promoci\u00f3n natural. Por ejemplo si en el curso escolar\u00a02020\/21 existe\u00a0P1A, P1B y P1C (3 l\u00edneas) , y en el curso escolar\u00a02021\/2022 solo tendr\u00e1 dos l\u00edneas (A y B) en el curso escolar\u00a02021\/2022 deber\u00e1n crearse tambi\u00e9n las tres l\u00edneas\u00a0P2A, P2B y P2C, y despu\u00e9s de realizada la promoci\u00f3n eliminar el grupo P2C.<\/p>\n<h2>Matriculaci\u00f3n de alumnos en el a\u00f1o escolar siguiente<\/h2>\n<p>Una vez creado los grupos del a\u00f1o escolar siguiente pueden abordarse las tareas de matriculaci\u00f3n.<\/p>\n<h3>Matriculaci\u00f3n alumnos admisi\u00f3n: Inicio de curso &gt; Matriculaci\u00f3n alumnos admisi\u00f3n<\/h3>\n<p>En este apartado se ofrece el listado de solicitudes admitidas en el\u00a0a\u00f1o escolar actual, no tiene posibilidad de cambiar de a\u00f1o escolar.<\/p>\n<ul>\n<li>Filtrar en Filtros:Curso el nivel educativo de los alumnos admitidos.<\/li>\n<\/ul>\n<p style=\"padding-left: 60px\">Por ejemplo, si filtramos infantil 3 a\u00f1os, nos aparecer\u00e1n todos los ni\u00f1os de infantil. Supongamos que hay 50.<\/p>\n<p style=\"padding-left: 60px\">En la relaci\u00f3n de alumnos seleccionamos haciendo clic 25 de ellos.<\/p>\n<ul>\n<li>M\u00e1s abajo, en Opciones de matr\u00edcula: Asignarles al grupo, seleccionamos uno de los dos grupos de Infatil 3 a\u00f1os (A, B, &#8230;) que tenga el centro.<\/li>\n<li>Repetimos los pasos y ahora hacemos clic sobre los alumnos que queden sin matricular y que habr\u00e1 que asignarles al otro grupo.<\/li>\n<\/ul>\n<h3>Matr\u00edculaci\u00f3n segun promoci\u00f3n: Inicio de curso &gt; Matr\u00edcula seg\u00fan promoci\u00f3n<\/h3>\n<p><strong><span style=\"color: #3366ff\">Esta tarea hay que realizarla estando activo en el centro educativo el curso escolar en el que finalizan los estudios los alumnos que se van a promocionar y matricular.<\/span><\/strong><\/p>\n<p>Lo primero es seleccionar arriba de la p\u00e1gina el <strong><span style=\"color: #3366ff\">a\u00f1o escolar actual o a\u00f1o en que los alumnos finalizan curso<\/span>,<\/strong>\u00a0no el a\u00f1o escolar siguiente.<\/p>\n<p><span style=\"color: #3366ff\"><strong>Importante:<\/strong><\/span><\/p>\n<ul>\n<li><span style=\"color: #3366ff\"><strong>Todos los grupos del curso escolar desde el que se hace la promoci\u00f3n deber\u00e1n tener un tutor definido en su configuraci\u00f3n.<\/strong><\/span><\/li>\n<li><span style=\"color: #3366ff\"><strong>Solo aparecer\u00e1n en la lista aquellos alumnos que tengan una S en la decisi\u00f3n de promoci\u00f3n y todav\u00eda no hayan sido matriculados en el a\u00f1os escolar siguiente (\u00abpromocionados\u00bb).<\/strong><\/span><\/li>\n<\/ul>\n<ol>\n<li>En el desplegable que hay arriba del todo en la p\u00e1gina seleccionamos el a\u00f1o escolar actual.<\/li>\n<li>En Filtros:Curso, seleccionamos el\u00a0curso de estudios (Infantil 3 a\u00f1os, &#8230;., Primaria 11, &#8230;)<\/li>\n<li>En Filtros:Grupo, seleccionamos el grupo, es muy importante que se corresponda con uno del nivel seleccionado. <span style=\"color: #00ccff\"><strong style=\"color: blue\">Se recomienda hacer la promoci\u00f3n seleccionando grupo a grupo, es m\u00e1s larga, pero genera menos errores<\/strong>.<\/span><\/li>\n<li>En el listado de alumnos\u00a0marcamos\u00a0todos los alumnos, o solo una parte si por ejemplo se van a hacer mezcla de alumnos en los grupos del a\u00f1o siguiente.<\/li>\n<li>En Opciones matr\u00edcula: asignarles el grupo: seleccionamos un grupo de a\u00f1o escolar siguiente (deber\u00e1 estar creado en el centro para que se ofrezca en el selector) en el que se matricular\u00e1n, y pulsamos en confirmar.<\/li>\n<\/ol>\n<p style=\"padding-left: 60px\"><span style=\"color: #3366ff\"><strong>Los centros de primaria que no tengan secundaria (centros p\u00fablicos) con los alumnos de sexto de primaria no deben promocionarlos a la ESO.<\/strong><\/span>\u00a0Solo deben operar con los alumnos de sexto que vayan a repetir, asign\u00e1ndoles el grupo donde se matricular\u00e1n tal como se explica en el siguiente apartado.<\/p>\n<p style=\"padding-left: 60px\"><span style=\"color: #3366ff\"><strong>Los centros concertados incluidos en el programa Albor\u00e1n s\u00ed pueden hacer la promoci\u00f3n de alumnos de 6 de primaria a 1 ESO (si titulan entonces, matricularles en 1\u00ba de ESO). Despu\u00e9s habr\u00e1 que asignarles el grupo de alumnos.<\/strong><\/span><\/p>\n<p style=\"padding-left: 30px\">Repetimos estos pasos para el resto de niveles y grupos.<\/p>\n<h3>Matriculaci\u00f3n de alumnos del centro que no promocionan o repiten<\/h3>\n<p>Para matricular los alumnos que no promocionan o reptiten curso el proceso parte de recuperar a alumnos de <strong>hist\u00f3ricos<\/strong>.<\/p>\n<p>Supongamos que deber repetir un alumno de 4 primaria y queremos matricularlo en el grupo P*4A.<\/p>\n<p>Nos situamos en alumnos, y seleccionamos el a\u00f1o escolar siguiente (aaaa+1), que ser\u00e1 en el que se haga la matr\u00edcula.<\/p>\n<p>En los Filtros de la pantalla de alumnado introducimos informaci\u00f3n del alumno que ayude a buscarle, y en los campos\u00a0<strong>selecci\u00f3n\u00a0<\/strong>se elige\u00a0<strong>Hist\u00f3rico<\/strong> y el el campo\u00a0<strong>estado<\/strong> (de la matr\u00edcula) se elige\u00a0<strong>Todos<\/strong> o matr\u00edcula\u00a0<strong>Activa<\/strong>. La opci\u00f3n Inactiva es para matr\u00edculas que quedaron sin completarse, Baja para alumnos que abandonaron el centro antes del final de alg\u00fan a\u00f1o escolar, y Traslado es para alumnos que se trasladaron de centro durante el a\u00f1o acad\u00e9mico.<\/p>\n<p><a href=\"https:\/\/blog.intef.es\/alboran\/wp-content\/uploads\/2018\/06\/CEIP_matri_repetidores.jpg\"><img loading=\"lazy\" decoding=\"async\" class=\"alignnone size-medium wp-image-594\" src=\"https:\/\/blog.intef.es\/alboran\/wp-content\/uploads\/2018\/06\/CEIP_matri_repetidores-300x123.jpg\" alt=\"\" width=\"300\" height=\"123\" srcset=\"https:\/\/blog.intef.es\/alboran\/wp-content\/uploads\/2018\/06\/CEIP_matri_repetidores-300x123.jpg 300w, https:\/\/blog.intef.es\/alboran\/wp-content\/uploads\/2018\/06\/CEIP_matri_repetidores-768x314.jpg 768w, https:\/\/blog.intef.es\/alboran\/wp-content\/uploads\/2018\/06\/CEIP_matri_repetidores-1024x419.jpg 1024w, https:\/\/blog.intef.es\/alboran\/wp-content\/uploads\/2018\/06\/CEIP_matri_repetidores.jpg 1036w\" sizes=\"(max-width: 300px) 100vw, 300px\" \/><\/a><\/p>\n<p>Al pulsar en filtrar aparecer\u00e1 el listado de alumnos entre los que elegimos al alumno que interese y pulsamos en el icono de editar (l\u00e1piz amarillo).<\/p>\n<p>Aparecer\u00e1 un nuevo submen\u00fa para el alumno seleccionado en el que se hace clic en\u00a0<strong>Matr\u00edculas<\/strong>. En la ventana que aparece pulsamos en el bot\u00f3n [A\u00f1adir]. Sobre el formulario completamos los datos de estudios, curso, grupo, estado de matr\u00edcula\u00a0<strong>Activa<\/strong>, y activamos repetidor.<\/p>\n<p><a href=\"https:\/\/blog.intef.es\/alboran\/wp-content\/uploads\/2018\/06\/CEIP_matri_repetidores-1.jpg\"><img loading=\"lazy\" decoding=\"async\" class=\"alignnone size-medium wp-image-595\" src=\"https:\/\/blog.intef.es\/alboran\/wp-content\/uploads\/2018\/06\/CEIP_matri_repetidores-1-300x123.jpg\" alt=\"\" width=\"300\" height=\"123\" srcset=\"https:\/\/blog.intef.es\/alboran\/wp-content\/uploads\/2018\/06\/CEIP_matri_repetidores-1-300x123.jpg 300w, https:\/\/blog.intef.es\/alboran\/wp-content\/uploads\/2018\/06\/CEIP_matri_repetidores-1-768x314.jpg 768w, https:\/\/blog.intef.es\/alboran\/wp-content\/uploads\/2018\/06\/CEIP_matri_repetidores-1-1024x419.jpg 1024w, https:\/\/blog.intef.es\/alboran\/wp-content\/uploads\/2018\/06\/CEIP_matri_repetidores-1.jpg 1036w\" sizes=\"(max-width: 300px) 100vw, 300px\" \/><\/a><\/p>\n<p>El siguiente paso ser\u00e1 volver a pulsar en matr\u00edculas y editar la matr\u00edcula a\u00f1adida del alumno y a\u00f1adirle las materias que va a cursar. Este paso tambi\u00e9n se puede realizar a trav\u00e9s de la matriculaci\u00f3n en bloque.<\/p>\n<h2>Matriculaci\u00f3n de alumnos nuevos una vez iniciado el curso, traslasdos de centro<\/h2>\n<p>Los alumnos nuevos que lleguen al centro deber\u00e1n ser matriculados de dos maneras posibles:<\/p>\n<ol>\n<li>En <span style=\"color: #3366ff\"><strong>Alumnado &gt; Alumnos &gt; [A\u00f1adir]<\/strong><\/span> cumplimentado sus datos y la etapa y curso en que se matricula. En pasos posteriores se asignar\u00e1 grupo y se le matricular\u00e1 en las \u00e1reas que corresponda.<\/li>\n<li>Por<strong>\u00a0<span style=\"color: #3366ff\">traslado de centro<\/span><\/strong>, en este caso ser\u00e1 un responsable de escolarizaci\u00f3n de la direcci\u00f3n provincial el encargado de hacerlo (Men\u00fa DP &gt; Consultas &gt; Alumnos &gt; Alumnos &gt;\u00a0Filtrar alumnos en centro origen &gt; Editar Alumno<\/li>\n<\/ol>\n<p style=\"padding-left: 90px\">En el submen\u00fa izquierdo aparecer\u00e1 la opci\u00f3n Cambio de centro. Se elige el centro destino y al guardar se lanza un proceso autom\u00e1tico que trasladar\u00e1 el expediente acad\u00e9mico del alumno desde el centro origen al centro destino, trasladando datos y manteniendo si es posible el n\u00famero de expediente\/matr\u00edcula en el centro origen.<\/p>\n<h2>Matricula en las materias que cursar\u00e1n en cada estudio<\/h2>\n<p>Lo primero es seleccionar arriba de la p\u00e1gina el a\u00f1o escolar para el que se est\u00e1 haciendo la matriculaci\u00f3n.<\/p>\n<p>Los alumnos que fueron matriculados seg\u00fan promoci\u00f3n son matriculados en las materias troncales. <strong>Las materias espec\u00edficas est\u00e1n pendientes de matricular<\/strong>. En la matriculaci\u00f3n en bloque pueden revisarse las materias asignadas a cada alumno o grupos de alumnos.<\/p>\n<p>Incio de curso &gt; Matr\u00edcula en bloque<\/p>\n<p><a href=\"https:\/\/blog.intef.es\/alboran\/wp-content\/uploads\/2018\/06\/ceip-matriculacin-en-bloque.jpg\"><img loading=\"lazy\" decoding=\"async\" class=\"alignnone size-medium wp-image-590\" src=\"https:\/\/blog.intef.es\/alboran\/wp-content\/uploads\/2018\/06\/ceip-matriculacin-en-bloque-300x112.jpg\" alt=\"\" width=\"300\" height=\"112\" srcset=\"https:\/\/blog.intef.es\/alboran\/wp-content\/uploads\/2018\/06\/ceip-matriculacin-en-bloque-300x112.jpg 300w, https:\/\/blog.intef.es\/alboran\/wp-content\/uploads\/2018\/06\/ceip-matriculacin-en-bloque.jpg 563w\" sizes=\"(max-width: 300px) 100vw, 300px\" \/><\/a><\/p>\n<p>En los filtros se selecciona estudios, curso y grupo de materias. A continuaci\u00f3n aparecer\u00e1 el listado de alumnos, las cajitas que aparecen en negro intenso son materias en las que est\u00e1 matriculado el alumno. Hacemos clic sobre las cajitas para activar o desactivarlas seg\u00fan corresponda.<\/p>\n<p>En esta ventana, los cambios se\u00a0registran\u00a0autom\u00e1ticamente.<\/p>\n<p>&nbsp;<\/p>\n","protected":false},"excerpt":{"rendered":"<p>A\u00f1o escolar actual y configuraci\u00f3n del a\u00f1o escolar siguiente A\u00f1o escolar\u00a0actual Al finalizar el\u00a0a\u00f1o escolar todos los alumnos tienen en su evaluaci\u00f3n final la decisi\u00f3n de promoci\u00f3n (S\/N) que se debe gestionar en Men\u00fa: Evaluaci\u00f3n &gt; Conocimientos por Grupo., o&hellip;<\/p>\n<p class=\"more-link-p\"><a class=\"more-link\" target=\"blank\" href=\"https:\/\/blog.intef.es\/alboran\/2018\/06\/27\/matriculacion-en-ceip-alumnos-nuevos-admitidos-y-promocionados-desde-curso-anterior\/\">Leer m\u00e1s &rarr;<\/a><\/p>\n","protected":false},"author":302,"featured_media":0,"comment_status":"closed","ping_status":"open","sticky":false,"template":"","format":"standard","meta":{"footnotes":""},"categories":[66],"tags":[74,241,86,51,88,53,215,217,87],"_links":{"self":[{"href":"https:\/\/blog.intef.es\/alboran\/wp-json\/wp\/v2\/posts\/582"}],"collection":[{"href":"https:\/\/blog.intef.es\/alboran\/wp-json\/wp\/v2\/posts"}],"about":[{"href":"https:\/\/blog.intef.es\/alboran\/wp-json\/wp\/v2\/types\/post"}],"author":[{"embeddable":true,"href":"https:\/\/blog.intef.es\/alboran\/wp-json\/wp\/v2\/users\/302"}],"replies":[{"embeddable":true,"href":"https:\/\/blog.intef.es\/alboran\/wp-json\/wp\/v2\/comments?post=582"}],"version-history":[{"count":30,"href":"https:\/\/blog.intef.es\/alboran\/wp-json\/wp\/v2\/posts\/582\/revisions"}],"predecessor-version":[{"id":1993,"href":"https:\/\/blog.intef.es\/alboran\/wp-json\/wp\/v2\/posts\/582\/revisions\/1993"}],"wp:attachment":[{"href":"https:\/\/blog.intef.es\/alboran\/wp-json\/wp\/v2\/media?parent=582"}],"wp:term":[{"taxonomy":"category","embeddable":true,"href":"https:\/\/blog.intef.es\/alboran\/wp-json\/wp\/v2\/categories?post=582"},{"taxonomy":"post_tag","embeddable":true,"href":"https:\/\/blog.intef.es\/alboran\/wp-json\/wp\/v2\/tags?post=582"}],"curies":[{"name":"wp","href":"https:\/\/api.w.org\/{rel}","templated":true}]}}