{"id":600,"date":"2018-07-05T08:31:01","date_gmt":"2018-07-05T08:31:01","guid":{"rendered":"https:\/\/blog.intef.es\/alboran\/?p=600"},"modified":"2022-07-07T15:06:03","modified_gmt":"2022-07-07T13:06:03","slug":"ceip-mantenimiento-de-cargos-directivos-y-otros-cargos","status":"publish","type":"post","link":"https:\/\/blog.intef.es\/alboran\/2018\/07\/05\/ceip-mantenimiento-de-cargos-directivos-y-otros-cargos\/","title":{"rendered":"CEIP: Mantenimiento de cargos directivos y otros cargos"},"content":{"rendered":"<h2>Mantenimiento de cargos<\/h2>\n<p><strong><span style=\"color: #0000ff\">Men\u00fa: Profesorado &gt; Profesores &gt; Profesor seleccionado &gt; Cargos<\/span><\/strong><\/p>\n<p>En centros de infantil y primaria, el mantenimiento de los cargos de\u00a0DIRECTOR,\u00a0JEFE DE ESTUDIOS,\u00a0SECRETARIO\u00a0es una tarea importante para el correcto funcionamiento de los informes en los que aparecen sus firmas y del DOC del centro.<\/p>\n<p>Otros cargos como TUTOR, COORDINADOR DE &#8230;, ORIENTADOR, REPRESENTANTE DE &#8230;, etc, tambi\u00e9n deben definirse y mantenerse cada a\u00f1o acad\u00e9mico.<\/p>\n<p>El concepto de cargo en la aplicaci\u00f3n Albor\u00e1n tiene efectos en un\u00a0a\u00f1o acad\u00e9mico determinado.\u00a0En el apartado del men\u00fa se visualiza para qu\u00e9 a\u00f1o acad\u00e9mico est\u00e1n otorgados los cargos.<\/p>\n<p><span style=\"color: #3366ff\"><strong>A\u00a0principio de cada a\u00f1o acad\u00e9mico<\/strong><\/span> (el 1 de septiembre) , ning\u00fan profesor deber\u00eda tener asignado ning\u00fan cargo (todos los cargos que tuviera otorgados deber\u00eda pasarse a hist\u00f3rico), y deber\u00edan asignarse los nuevos cargos profesor por profesor,<span style=\"color: #3366ff\"> incluidos los cargos directivos<\/span>.<\/p>\n<ol>\n<li>Los cargos se definen seleccionando un profesor y despu\u00e9s eligiendo el men\u00fa cargos.<\/li>\n<li>Todos los cargos tienen que tener <strong>fecha de inicio y fecha de fin<\/strong>, <strong>ambas cumplimentadas<\/strong>. Si no se sabe la fecha de finalizaci\u00f3n\u00a0debe ponerse la de final del curso.<\/li>\n<li>Si un profesor deja de dempe\u00f1ar un cargo debe corregirse la fecha de fin de cargo a la real y despu\u00e9s <strong>pasarse a hist\u00f3rico<\/strong>, para que no se pierda esta informaci\u00f3n.<\/li>\n<li>Si se ha creado un cargo por error, entonces s\u00ed debe utilizarse el bot\u00f3n eliminar.<\/li>\n<\/ol>\n<h2>Cambio de directiva<\/h2>\n<p>Para cambiar de directiva, el secretario saliente, debe hacer:<\/p>\n<ol>\n<li>Revisar las fechas de finalizaci\u00f3n de los cargos salientes y actualizarlas a las fechas de fin de mandato.<\/li>\n<li>Asignar cargos a los profesores que constituyen la nueva junta directiva, cumplimentando ambas fechas de inicio y de fin deEl cargo.<\/li>\n<li>Pasar a hist\u00f3ricos los cargos de la directiva saliente cuando la nueva directiva tome posesi\u00f3n.<\/li>\n<li>En el apartado Datos generales &gt; \u00d3rganos &gt; Equipo Directivo, debe actualizarse los datos relativos a c\u00f3mo se ha constituido la nueva junta directiva y guardarlo. El\u00a0bot\u00f3n [Mostrar hist\u00f3rico] de esta p\u00e1gina recupera todos los cargos directivos asignados a profesores y que fueron pasados a hist\u00f3ricos.<\/li>\n<\/ol>\n<p>Si una junta directiva se cambia antes del inicio del siguiente a\u00f1o acad\u00e9mico, deber\u00e1 otorgarse cargos el el a\u00f1o acad\u00e9mico actual con fecha de inicio que corresponda y con fecha de fin la del a\u00f1o acad\u00e9mico actual. Al iniciar el nuevo a\u00f1o acad\u00e9mico deber\u00e1n pasarse a hist\u00f3rico los cargos del a\u00f1o anterior y otorgarse de nuevos cargos para el periodo que comprende el nuevo a\u00f1o.<\/p>\n<h2>Preparaci\u00f3n de cargos para el pr\u00f3ximo curso escolar<\/h2>\n<p>La preparaci\u00f3n de cargos para el pr\u00f3ximo curso escolar puede realizarse una vez que el centro tenga definido en el desplegable de cursos que aparece en Alumnado &gt; Alumnos el pr\u00f3ximo curso escolar.<\/p>\n<ol>\n<li>Seleccionar en Alumnado &gt; Alumnos el pr\u00f3ximo curso escolar<\/li>\n<li>Seleccionar Profesorado &gt; Profesores, aparecer\u00e1n los profesores del pr\u00f3ximo curso escolar que es el que se seleccion\u00f3 en Alumnos.<\/li>\n<li>Seleccionar un profesor<\/li>\n<li>Seleccionar el apartado Cargos del submen\u00fa del profesor seleccionado y a\u00f1adir\/modificar los cargos que corresponda.<\/li>\n<\/ol>\n<h2>Consulta de los cargos otorgados en un centro<\/h2>\n<p>En el apartado Utilidades &gt; Consultas &gt; Comunes tienen disponible la consulta\u00a0<span style=\"color: #3366ff\">CARGOS ASIGNADOS EN EL CENTRO<\/span>, que recuperar\u00e1 el listado de todos los cargos otorgados, incluyendo registros hist\u00f3ricos.<\/p>\n","protected":false},"excerpt":{"rendered":"<p>Mantenimiento de cargos Men\u00fa: Profesorado &gt; Profesores &gt; Profesor seleccionado &gt; Cargos En centros de infantil y primaria, el mantenimiento de los cargos de\u00a0DIRECTOR,\u00a0JEFE DE ESTUDIOS,\u00a0SECRETARIO\u00a0es una tarea importante para el correcto funcionamiento de los informes en los que aparecen&hellip;<\/p>\n<p class=\"more-link-p\"><a class=\"more-link\" target=\"blank\" href=\"https:\/\/blog.intef.es\/alboran\/2018\/07\/05\/ceip-mantenimiento-de-cargos-directivos-y-otros-cargos\/\">Leer m\u00e1s &rarr;<\/a><\/p>\n","protected":false},"author":302,"featured_media":0,"comment_status":"closed","ping_status":"open","sticky":false,"template":"","format":"standard","meta":{"footnotes":""},"categories":[66],"tags":[17,69,18,68,235,70,54],"_links":{"self":[{"href":"https:\/\/blog.intef.es\/alboran\/wp-json\/wp\/v2\/posts\/600"}],"collection":[{"href":"https:\/\/blog.intef.es\/alboran\/wp-json\/wp\/v2\/posts"}],"about":[{"href":"https:\/\/blog.intef.es\/alboran\/wp-json\/wp\/v2\/types\/post"}],"author":[{"embeddable":true,"href":"https:\/\/blog.intef.es\/alboran\/wp-json\/wp\/v2\/users\/302"}],"replies":[{"embeddable":true,"href":"https:\/\/blog.intef.es\/alboran\/wp-json\/wp\/v2\/comments?post=600"}],"version-history":[{"count":10,"href":"https:\/\/blog.intef.es\/alboran\/wp-json\/wp\/v2\/posts\/600\/revisions"}],"predecessor-version":[{"id":1793,"href":"https:\/\/blog.intef.es\/alboran\/wp-json\/wp\/v2\/posts\/600\/revisions\/1793"}],"wp:attachment":[{"href":"https:\/\/blog.intef.es\/alboran\/wp-json\/wp\/v2\/media?parent=600"}],"wp:term":[{"taxonomy":"category","embeddable":true,"href":"https:\/\/blog.intef.es\/alboran\/wp-json\/wp\/v2\/categories?post=600"},{"taxonomy":"post_tag","embeddable":true,"href":"https:\/\/blog.intef.es\/alboran\/wp-json\/wp\/v2\/tags?post=600"}],"curies":[{"name":"wp","href":"https:\/\/api.w.org\/{rel}","templated":true}]}}