{"id":708,"date":"2019-04-26T12:37:45","date_gmt":"2019-04-26T10:37:45","guid":{"rendered":"https:\/\/blog.intef.es\/alboran\/?p=708"},"modified":"2022-05-03T09:11:56","modified_gmt":"2022-05-03T07:11:56","slug":"proceso-de-admision-adscripcion-plazas-vacantes-en-los-centros","status":"publish","type":"post","link":"https:\/\/blog.intef.es\/alboran\/2019\/04\/26\/proceso-de-admision-adscripcion-plazas-vacantes-en-los-centros\/","title":{"rendered":"Proceso de adscripci\u00f3n-admisi\u00f3n: plazas Vacantes en los centros"},"content":{"rendered":"<p>El proceso de adscripci\u00f3n y admisi\u00f3n de alumnos en centros sostenidos con fondos p\u00fablicos se realiza conforme a las plazas vacantes que los centros tienen en cada uno de los cursos de las ense\u00f1anzas que se imparten en cada uno.<\/p>\n<p>Estas plazas vacantes tienen que estar <span style=\"color: #3366ff\"><strong>registradas y actualizadas<\/strong><\/span> en la aplicaci\u00f3n Albor\u00e1n <span style=\"color: #3366ff\"><strong>antes de realizar los procesos de c\u00e1lculo para determinar la asignaci\u00f3n de plazas de adscripci\u00f3n (solo vacantes de 1\u00ba de ESO)<\/strong>, <span style=\"color: #008000\"><strong>y deber\u00e1n volverse a actualizar antes de realizar los procesos de c\u00e1lculo para la asignaci\u00f3n de plazas de admisi\u00f3n (vacantes de todas las etapas)<\/strong><\/span><\/span>. Los responsables de la direcci\u00f3n provincial en cada administraci\u00f3n educativa son los\u00a0encargados de definir y revisar los valores\u00a0grabados de de estas vacantes en cada centro.<\/p>\n<p>En Albor\u00e1n, la configuraci\u00f3n de las plazas vacantes se realiza desde el <strong><span style=\"color: #3366ff\">perfil de Director Provincial, en el apartado Consultas &gt; Otros &gt; Vacantes &gt;<\/span><\/strong> Ciclos Formativos o<span style=\"color: #3366ff\"><strong> Resto<\/strong> <\/span>(infantil, primaria, secundaria y bachillerato).<\/p>\n<p>En el selector de centro se elige el centro, se pulsa el bot\u00f3n filtrar, y a continuaci\u00f3n se mostrar\u00e1 los registros con las plazas vacantes de alumnos normales y alumnos ACNEE para cada uno de los cursos de las ense\u00f1anzas que ofrece el centro. Pueden modificarse los valores pulsando en el bot\u00f3n editar.<\/p>\n","protected":false},"excerpt":{"rendered":"<p>El proceso de adscripci\u00f3n y admisi\u00f3n de alumnos en centros sostenidos con fondos p\u00fablicos se realiza conforme a las plazas vacantes que los centros tienen en cada uno de los cursos de las ense\u00f1anzas que se imparten en cada uno.&hellip;<\/p>\n<p class=\"more-link-p\"><a class=\"more-link\" target=\"blank\" href=\"https:\/\/blog.intef.es\/alboran\/2019\/04\/26\/proceso-de-admision-adscripcion-plazas-vacantes-en-los-centros\/\">Leer m\u00e1s &rarr;<\/a><\/p>\n","protected":false},"author":302,"featured_media":0,"comment_status":"open","ping_status":"open","sticky":false,"template":"","format":"standard","meta":{"footnotes":""},"categories":[66],"tags":[74,75,152,153,202,201],"_links":{"self":[{"href":"https:\/\/blog.intef.es\/alboran\/wp-json\/wp\/v2\/posts\/708"}],"collection":[{"href":"https:\/\/blog.intef.es\/alboran\/wp-json\/wp\/v2\/posts"}],"about":[{"href":"https:\/\/blog.intef.es\/alboran\/wp-json\/wp\/v2\/types\/post"}],"author":[{"embeddable":true,"href":"https:\/\/blog.intef.es\/alboran\/wp-json\/wp\/v2\/users\/302"}],"replies":[{"embeddable":true,"href":"https:\/\/blog.intef.es\/alboran\/wp-json\/wp\/v2\/comments?post=708"}],"version-history":[{"count":10,"href":"https:\/\/blog.intef.es\/alboran\/wp-json\/wp\/v2\/posts\/708\/revisions"}],"predecessor-version":[{"id":1760,"href":"https:\/\/blog.intef.es\/alboran\/wp-json\/wp\/v2\/posts\/708\/revisions\/1760"}],"wp:attachment":[{"href":"https:\/\/blog.intef.es\/alboran\/wp-json\/wp\/v2\/media?parent=708"}],"wp:term":[{"taxonomy":"category","embeddable":true,"href":"https:\/\/blog.intef.es\/alboran\/wp-json\/wp\/v2\/categories?post=708"},{"taxonomy":"post_tag","embeddable":true,"href":"https:\/\/blog.intef.es\/alboran\/wp-json\/wp\/v2\/tags?post=708"}],"curies":[{"name":"wp","href":"https:\/\/api.w.org\/{rel}","templated":true}]}}