{"id":743,"date":"2019-06-05T14:30:25","date_gmt":"2019-06-05T12:30:25","guid":{"rendered":"https:\/\/blog.intef.es\/alboran\/?p=743"},"modified":"2022-06-27T19:45:40","modified_gmt":"2022-06-27T17:45:40","slug":"ceip-evaluacion-de-materias-pendientes-en-cursos-de-primaria","status":"publish","type":"post","link":"https:\/\/blog.intef.es\/alboran\/2019\/06\/05\/ceip-evaluacion-de-materias-pendientes-en-cursos-de-primaria\/","title":{"rendered":"CEIP: Evaluaci\u00f3n de materias pendientes en cursos de primaria"},"content":{"rendered":"<p>En educaci\u00f3n primaria, <strong>en la matricula actual<\/strong> de un alumno <strong>no constan las materias-\u00e1reas pendientes de cursos anteriores<\/strong>, porque solo se registra la matr\u00edcula de las \u00e1reas del curso al que corresponde la matr\u00edcula.<\/p>\n<p><a href=\"https:\/\/blog.intef.es\/alboran\/2020\/06\/24\/ceip-proceso-de-evaluacion-en-primaria\/\" target=\"_blank\">La evaluaci\u00f3n de los alumnos de primaria <\/a>se hace generalmente o evaluando por materia o evaluando por grupo en el apartado evaluaci\u00f3n.<\/p>\n<p>Evaluaci\u00f3n &gt; Conocimientos por materia<\/p>\n<p style=\"padding-left: 30px\">Lo utiliza el profesor de materia,\u00a0sin necesidad de utilizar las funciones asociadas al rol de tutor. Permite introducir las calificaciones focalizando una materia y as\u00ed evitar errores en otras materias de alumno.<\/p>\n<p>Evaluaci\u00f3n &gt; Conocimientos por grupo<\/p>\n<p style=\"padding-left: 30px\">Lo puede utilizar el profesor tutor de un grupo de alumnos o el secretario de Albor\u00e1n. Aqu\u00ed se pueden introducir la calificaci\u00f3n de todas las \u00e1reas as\u00ed como anotar la decisi\u00f3n de promoc\u00edon (S\/N). Adem\u00e1s en este formulario se puede grabar la\u00a0 Fecha de acta de evaluaci\u00f3n Final y de decisi\u00f3n sobre la promoci\u00f3n, que se registrar\u00e1 para todos los alumnos del grupo.<\/p>\n<h2><span style=\"color: #3366ff\"><strong>\u00bfC\u00f3mo evaluar las materias-\u00e1reas pendientes?<\/strong><\/span><\/h2>\n<p><strong><span style=\"color: #0000ff\">Importante:\u00a0<\/span><\/strong><span style=\"color: #333333\">No utilizar para este fin Evaluaci\u00f3n &gt; Conocimientos por materia, ni Evaluaci\u00f3n &gt; Conocimientos por grupo. Su utilizaci\u00f3n para este objetivo puede desconfigurar las fechas guardadas anteriormente, como la fecha de evaluaci\u00f3n del grupo.<\/span><\/p>\n<p>El profesor tutor del alumno, o el secretario del centro,<\/p>\n<p style=\"padding-left: 30px\">seleccionando un alumno de la relaci\u00f3n de alumnos en Alumnado &gt; Alumnos, despu\u00e9s seleccionar\u00a0<strong>Matr\u00edculas,\u00a0<\/strong>a continuaci\u00f3n <span style=\"color: #3366ff\"><strong>seleccionar una matr\u00edcula del curso anterior.<\/strong><\/span><\/p>\n<p style=\"padding-left: 30px\"><a href=\"https:\/\/blog.intef.es\/alboran\/wp-content\/uploads\/2019\/06\/primaria_matr\u00edculas.jpg\"><img loading=\"lazy\" decoding=\"async\" class=\"alignnone size-full wp-image-1069\" src=\"https:\/\/blog.intef.es\/alboran\/wp-content\/uploads\/2019\/06\/primaria_matr\u00edculas.jpg\" alt=\"\" width=\"942\" height=\"328\" srcset=\"https:\/\/blog.intef.es\/alboran\/wp-content\/uploads\/2019\/06\/primaria_matr\u00edculas.jpg 942w, https:\/\/blog.intef.es\/alboran\/wp-content\/uploads\/2019\/06\/primaria_matr\u00edculas-300x104.jpg 300w, https:\/\/blog.intef.es\/alboran\/wp-content\/uploads\/2019\/06\/primaria_matr\u00edculas-768x267.jpg 768w\" sizes=\"(max-width: 942px) 100vw, 942px\" \/><\/a><\/p>\n<p style=\"padding-left: 30px\">Sobre la matr\u00edcula seleccionada, pulsar en<span style=\"color: #3366ff\">\u00a0<strong>Notas<\/strong><\/span>, en\u00a0el formulario de notas seleccionar la evaluaci\u00f3n\u00a0<strong><span style=\"color: #3366ff\">Final<\/span>,\u00a0<\/strong> en la pesta\u00f1a [Calificaciones del alumno] anotar las calificaciones en la columna <span style=\"color: #3366ff\"><strong>Extra(ordinaria)<\/strong><\/span> que corresponda y guardar, y en la pesta\u00f1a [Otros datos evaluaci\u00f3n] corregir fechas que corresponda y guardar.<\/p>\n<p style=\"padding-left: 30px\">No todos los centros tienen autorizada realizar la evaluaci\u00f3n extraordinaria o de pendientes, es decir, no tienen la columna EXTRA, por lo que si fuese necesario deber\u00eda solicitarse\u00a0a este servicio v\u00eda la inspecci\u00f3n educativa.<\/p>\n<p style=\"padding-left: 30px\">De esta manera se consigue modificar los datos de un alumno sin cambiar los datos de evaluaci\u00f3n del grupo que se grabaron en el a\u00f1o acad\u00e9mico anterior.<\/p>\n<p style=\"padding-left: 30px\"><a href=\"https:\/\/blog.intef.es\/alboran\/wp-content\/uploads\/2019\/06\/evaluar_pendientes_primaria.jpg\"><img loading=\"lazy\" decoding=\"async\" class=\"alignnone size-full wp-image-1068\" src=\"https:\/\/blog.intef.es\/alboran\/wp-content\/uploads\/2019\/06\/evaluar_pendientes_primaria.jpg\" alt=\"\" width=\"649\" height=\"591\" srcset=\"https:\/\/blog.intef.es\/alboran\/wp-content\/uploads\/2019\/06\/evaluar_pendientes_primaria.jpg 649w, https:\/\/blog.intef.es\/alboran\/wp-content\/uploads\/2019\/06\/evaluar_pendientes_primaria-300x273.jpg 300w\" sizes=\"(max-width: 649px) 100vw, 649px\" \/><\/a><\/p>\n<p style=\"padding-left: 30px\">Para los centros que no cuenten con la columna EXTRA, el proceso consistir\u00eda en modificar la calificaci\u00f3n de la columna NOTA y, a continuaci\u00f3n, cambiar en la pesta\u00f1a Otros datos de evaluaci\u00f3n las fechas de superaci\u00f3n de las competencias b\u00e1sicas, si corresponde.<\/p>\n<h2 style=\"padding-left: 30px\"><span style=\"color: #3366ff\">Otros datos de evaluaci\u00f3n<\/span><\/h2>\n<p>Es muy importante completar el proceso aportando en la pesta\u00f1a otros datos de evaluaci\u00f3n la informaci\u00f3n sobre la decisi\u00f3n de promoci\u00f3n, y fechas de superaci\u00f3n de competencias, para el alumno.<\/p>\n<p><a href=\"https:\/\/blog.intef.es\/alboran\/wp-content\/uploads\/2019\/06\/evaluacion_notas_otros_datos.jpg\"><img loading=\"lazy\" decoding=\"async\" class=\"alignnone size-full wp-image-1144\" src=\"https:\/\/blog.intef.es\/alboran\/wp-content\/uploads\/2019\/06\/evaluacion_notas_otros_datos.jpg\" alt=\"\" width=\"729\" height=\"478\" srcset=\"https:\/\/blog.intef.es\/alboran\/wp-content\/uploads\/2019\/06\/evaluacion_notas_otros_datos.jpg 729w, https:\/\/blog.intef.es\/alboran\/wp-content\/uploads\/2019\/06\/evaluacion_notas_otros_datos-300x197.jpg 300w\" sizes=\"(max-width: 729px) 100vw, 729px\" \/><\/a><\/p>\n","protected":false},"excerpt":{"rendered":"<p>En educaci\u00f3n primaria, en la matricula actual de un alumno no constan las materias-\u00e1reas pendientes de cursos anteriores, porque solo se registra la matr\u00edcula de las \u00e1reas del curso al que corresponde la matr\u00edcula. La evaluaci\u00f3n de los alumnos de&hellip;<\/p>\n<p class=\"more-link-p\"><a class=\"more-link\" target=\"blank\" href=\"https:\/\/blog.intef.es\/alboran\/2019\/06\/05\/ceip-evaluacion-de-materias-pendientes-en-cursos-de-primaria\/\">Leer m\u00e1s &rarr;<\/a><\/p>\n","protected":false},"author":302,"featured_media":0,"comment_status":"open","ping_status":"open","sticky":false,"template":"","format":"standard","meta":{"footnotes":""},"categories":[2,66],"tags":[85,31,137,136,84,49],"_links":{"self":[{"href":"https:\/\/blog.intef.es\/alboran\/wp-json\/wp\/v2\/posts\/743"}],"collection":[{"href":"https:\/\/blog.intef.es\/alboran\/wp-json\/wp\/v2\/posts"}],"about":[{"href":"https:\/\/blog.intef.es\/alboran\/wp-json\/wp\/v2\/types\/post"}],"author":[{"embeddable":true,"href":"https:\/\/blog.intef.es\/alboran\/wp-json\/wp\/v2\/users\/302"}],"replies":[{"embeddable":true,"href":"https:\/\/blog.intef.es\/alboran\/wp-json\/wp\/v2\/comments?post=743"}],"version-history":[{"count":13,"href":"https:\/\/blog.intef.es\/alboran\/wp-json\/wp\/v2\/posts\/743\/revisions"}],"predecessor-version":[{"id":1786,"href":"https:\/\/blog.intef.es\/alboran\/wp-json\/wp\/v2\/posts\/743\/revisions\/1786"}],"wp:attachment":[{"href":"https:\/\/blog.intef.es\/alboran\/wp-json\/wp\/v2\/media?parent=743"}],"wp:term":[{"taxonomy":"category","embeddable":true,"href":"https:\/\/blog.intef.es\/alboran\/wp-json\/wp\/v2\/categories?post=743"},{"taxonomy":"post_tag","embeddable":true,"href":"https:\/\/blog.intef.es\/alboran\/wp-json\/wp\/v2\/tags?post=743"}],"curies":[{"name":"wp","href":"https:\/\/api.w.org\/{rel}","templated":true}]}}