{"id":796,"date":"2019-06-28T14:08:11","date_gmt":"2019-06-28T12:08:11","guid":{"rendered":"https:\/\/blog.intef.es\/alboran\/?p=796"},"modified":"2021-08-24T08:28:34","modified_gmt":"2021-08-24T06:28:34","slug":"ies-como-matricular-a-alumnos-que-repiten","status":"publish","type":"post","link":"https:\/\/blog.intef.es\/alboran\/2019\/06\/28\/ies-como-matricular-a-alumnos-que-repiten\/","title":{"rendered":"IES: C\u00f3mo matricular a alumnos que repiten"},"content":{"rendered":"<p>Para matricular los alumnos que no promocionan o reptiten curso el proceso parte de recuperar a alumnos de\u00a0<strong>hist\u00f3ricos,\u00a0<\/strong>porque estos alumnos no tienen una decisi\u00f3n de promoci\u00f3n positiva S en ninguna de las dos convocatorias ordinaria o extraordinaria.<\/p>\n<p>Nos situamos en Alumnado &gt; Alumnos, y seleccionamos el a\u00f1o escolar siguiente (aaaa+1), que ser\u00e1 en el que se haga la matr\u00edcula.<\/p>\n<p>En los Filtros de la pantalla de alumnado introducimos informaci\u00f3n del alumno que ayude a buscarle, y en los campos\u00a0<strong>selecci\u00f3n\u00a0<\/strong>se elige\u00a0<strong>Hist\u00f3rico<\/strong>\u00a0y el el campo\u00a0<strong>estado<\/strong>\u00a0(de la matr\u00edcula) se elige\u00a0<strong>Todos<\/strong>\u00a0o matr\u00edcula\u00a0<strong>Activa<\/strong>. La opci\u00f3n Inactiva es para matr\u00edculas que quedaron sin completarse, Baja para alumnos que abandonaron el centro antes del final de alg\u00fan a\u00f1o escolar, y Traslado es para alumnos que se trasladaron de centro durante el a\u00f1o acad\u00e9mico.<\/p>\n<p><a href=\"https:\/\/blog.intef.es\/alboran\/wp-content\/uploads\/2019\/06\/filtro-alumnos-ies.jpg\"><img loading=\"lazy\" decoding=\"async\" class=\"alignnone size-full wp-image-797\" src=\"https:\/\/blog.intef.es\/alboran\/wp-content\/uploads\/2019\/06\/filtro-alumnos-ies.jpg\" alt=\"\" width=\"800\" height=\"477\" srcset=\"https:\/\/blog.intef.es\/alboran\/wp-content\/uploads\/2019\/06\/filtro-alumnos-ies.jpg 800w, https:\/\/blog.intef.es\/alboran\/wp-content\/uploads\/2019\/06\/filtro-alumnos-ies-300x179.jpg 300w, https:\/\/blog.intef.es\/alboran\/wp-content\/uploads\/2019\/06\/filtro-alumnos-ies-768x458.jpg 768w\" sizes=\"(max-width: 800px) 100vw, 800px\" \/><\/a><\/p>\n<p>Al pulsar en filtrar aparecer\u00e1 el listado de alumnos entre los que elegimos al alumno que interese y pulsamos en el icono de editar (l\u00e1piz amarillo).<\/p>\n<p>Aparecer\u00e1 un nuevo submen\u00fa para el alumno seleccionado en el que se hace clic en\u00a0<strong>Matr\u00edculas<\/strong>. En la ventana que aparece pulsamos en el bot\u00f3n [A\u00f1adir]. Sobre el formulario completamos los datos de estudios, curso, grupo, estado de matr\u00edcula\u00a0<strong>Activa<\/strong>, y activamos repetidor.<\/p>\n<p>Tambi\u00e9n puede realizarse desde el curso en el que est\u00e1n matriculados los alumnos que no han obtenido decisi\u00f3n de promoci\u00f3n positiva, editando sus matr\u00edculas y a\u00f1adiendo una para el curso siguiente en los mismos estudios.<\/p>\n<p>El siguiente paso ser\u00e1 volver a pulsar en matr\u00edculas y editar la matr\u00edcula a\u00f1adida del alumno y a\u00f1adirle las materias que va a cursar. Este paso tambi\u00e9n se puede realizar a trav\u00e9s de la matriculaci\u00f3n en bloque.<\/p>\n","protected":false},"excerpt":{"rendered":"<p>Para matricular los alumnos que no promocionan o reptiten curso el proceso parte de recuperar a alumnos de\u00a0hist\u00f3ricos,\u00a0porque estos alumnos no tienen una decisi\u00f3n de promoci\u00f3n positiva S en ninguna de las dos convocatorias ordinaria o extraordinaria. Nos situamos en&hellip;<\/p>\n<p class=\"more-link-p\"><a class=\"more-link\" target=\"blank\" href=\"https:\/\/blog.intef.es\/alboran\/2019\/06\/28\/ies-como-matricular-a-alumnos-que-repiten\/\">Leer m\u00e1s &rarr;<\/a><\/p>\n","protected":false},"author":302,"featured_media":0,"comment_status":"open","ping_status":"open","sticky":false,"template":"","format":"standard","meta":{"footnotes":""},"categories":[66],"tags":[],"_links":{"self":[{"href":"https:\/\/blog.intef.es\/alboran\/wp-json\/wp\/v2\/posts\/796"}],"collection":[{"href":"https:\/\/blog.intef.es\/alboran\/wp-json\/wp\/v2\/posts"}],"about":[{"href":"https:\/\/blog.intef.es\/alboran\/wp-json\/wp\/v2\/types\/post"}],"author":[{"embeddable":true,"href":"https:\/\/blog.intef.es\/alboran\/wp-json\/wp\/v2\/users\/302"}],"replies":[{"embeddable":true,"href":"https:\/\/blog.intef.es\/alboran\/wp-json\/wp\/v2\/comments?post=796"}],"version-history":[{"count":3,"href":"https:\/\/blog.intef.es\/alboran\/wp-json\/wp\/v2\/posts\/796\/revisions"}],"predecessor-version":[{"id":1481,"href":"https:\/\/blog.intef.es\/alboran\/wp-json\/wp\/v2\/posts\/796\/revisions\/1481"}],"wp:attachment":[{"href":"https:\/\/blog.intef.es\/alboran\/wp-json\/wp\/v2\/media?parent=796"}],"wp:term":[{"taxonomy":"category","embeddable":true,"href":"https:\/\/blog.intef.es\/alboran\/wp-json\/wp\/v2\/categories?post=796"},{"taxonomy":"post_tag","embeddable":true,"href":"https:\/\/blog.intef.es\/alboran\/wp-json\/wp\/v2\/tags?post=796"}],"curies":[{"name":"wp","href":"https:\/\/api.w.org\/{rel}","templated":true}]}}