{"id":800,"date":"2019-07-17T11:19:49","date_gmt":"2019-07-17T09:19:49","guid":{"rendered":"https:\/\/blog.intef.es\/alboran\/?p=800"},"modified":"2023-07-18T14:43:35","modified_gmt":"2023-07-18T12:43:35","slug":"ies-matricualcion-de-solicitudes-de-admision-de-ciclos-formativos-presencial-y-a-distancia","status":"publish","type":"post","link":"https:\/\/blog.intef.es\/alboran\/2019\/07\/17\/ies-matricualcion-de-solicitudes-de-admision-de-ciclos-formativos-presencial-y-a-distancia\/","title":{"rendered":"IES: Solicitudes de admisi\u00f3n en ciclos formativos presencial y a distancia, y cursos de preparaci\u00f3n para pruebas de acceso a ciclos formativos. Matriculaci\u00f3n de las solicitudes admitidas."},"content":{"rendered":"<p><span style=\"color: #3366ff\"><strong>Contenido:<\/strong><\/span><\/p>\n<p><a href=\"#convocatorias\">Convocatorias<\/a><\/p>\n<p><a href=\"#configuracionofertafp\">Configuraci\u00f3n de la oferta de ense\u00f1anzas de FP<\/a><\/p>\n<p><a href=\"#solicitudespresenciales\">Solicitudes presenciales<\/a><\/p>\n<p><a href=\"#solicitudesadistancia\">Solicitudes a distancia<\/a><\/p>\n<p><a href=\"#plazaasignada\">Solicitudes con plaza asignada<\/a><\/p>\n<p><a href=\"#editarsolicitud\">Editar una solicitud<\/a><\/p>\n<p><a href=\"#adjudicacion\">Adjudicaci\u00f3n<\/a><\/p>\n<p><a href=\"#matriculacion\">Matriculaci\u00f3n de las solicitudes<\/a><\/p>\n<h2 id=\"convocatorias\">Convocatorias<\/h2>\n<p><a href=\"https:\/\/blog.intef.es\/alboran\/2021\/07\/07\/procesos-de-admision-para-ensenanzas-de-formacion-profesional-curso-20212022\/\" target=\"_blank\"><span style=\"color: #3366ff\">Las solicitudes se registrar\u00e1n en las convocatorias publicadas en la sede electr\u00f3nica del Ministerio de Educaci\u00f3n y Formaci\u00f3n Profesiona<\/span>l<\/a>, posteriormente los datos de las solicitudes admitidas y con plaza asignada ser\u00e1n volcadas en la aplicaci\u00f3n Albor\u00e1n.<br \/>\nLas solicitudes se organizan en dos r\u00e9g\u00edmenes:<\/p>\n<ul>\n<li>Presencial<\/li>\n<li>A distancia<\/li>\n<\/ul>\n<h2 id=\"configuracionofertafp\">Configuraci\u00f3n de la oferta de ense\u00f1anzas de FP<\/h2>\n<p>Para el correcto funcionamiento de los procesos de grabaci\u00f3n de solicitudes y los posteriores procesos de admisi\u00f3n y matriculaci\u00f3n es necesario que el centro educativo tenga configurado en el curso escolar para el que se graban las solicitudes los estudios de formaci\u00f3n profesional, que deben estar creados en el apartado Configuraci\u00f3n &gt; Sistema educativo &gt; Especialidades y modalidades (revisar tambi\u00e9n la distribuci\u00f3n de m\u00f3dulos por cursos acad\u00e9micos en los nuevos estudios autorizados). Todos los nuevos estudios autorizados en el curso 2021\/2022 han sido creados por el equipo de soporte.alboran.<\/p>\n<p><span style=\"color: #3366ff\"><strong>T<\/strong><\/span><strong style=\"color: #3366ff\">ambi\u00e9n deben crearse los correspondientes grupos de alumnos en los que se matricular\u00e1n<\/strong>. De hecho, la oferta de r\u00e9gimen\/turno Diurno, Vespertino, Nocturno y a Distancia est\u00e1 condicionada a la existenca de grupos creados y configurados con el correspondiente turno.<\/p>\n<h2 id=\"enmasdeunestudio\">Solicitudes presenciales<\/h2>\n<p>Est\u00e1n en el apartado <span style=\"color: #3366ff\">Admisi\u00f3n alumnos &gt; Ciclos formativos &gt; Presencial ,\u00a0<\/span>en el que estar\u00e1n todas las solicitudes procesadas a trav\u00e9s del tr\u00e1mite correspondiente publicado en la sede electr\u00f3nica del Ministerio de educaci\u00f3n y formaci\u00f3n profesional.<\/p>\n<h2>Solicitudes a distancia<\/h2>\n<p>Est\u00e1n en\u00a0el apartado\u00a0<span style=\"color: #3366ff\">Admisi\u00f3n alumnos &gt; Ciclos formativos &gt; A distancia<\/span>, en el que estar\u00e1n todas las solicitudes procesadas a trav\u00e9s del tr\u00e1mite correspondiente publicado en la sede electr\u00f3nica del Ministerio de educaci\u00f3n y formaci\u00f3n profesional.<\/p>\n<h2 id=\"plazaasignada\">Solicitudes con plaza asignada<\/h2>\n<p>En los listados que aparecen en cada uno de los apartados (Presencial, A distancia) las solicitudes con plaza asignada<span style=\"color: #3366ff\"><strong> tienen el valor \u00abS\u00bb en la columna ADMI<\/strong><\/span>. Estas solicitudes tambi\u00e9n estar\u00e1n preseleccionadas en los apartados de Adjudicaci\u00f3n y Matriculaci\u00f3n.<\/p>\n<h2 id=\"editarsolicitud\">Editar una solicitud<\/h2>\n<p>Cualquier edici\u00f3n de los datos de una solicitud debe realizarse antes de su matriculaci\u00f3n para que estos datos pasen a la matr\u00edcula en Albor\u00e1n. Para editar una solicitud esta debe estar en el estado \u00aben Curso\u00bb.<\/p>\n<p>Al hacer clic en el icono [editar] se accede a los datos de una solicitud organizados por <span style=\"color: #3366ff\"><strong>pesta\u00f1as<\/strong><\/span>.<\/p>\n<ul>\n<li style=\"padding-left: 30px\">Datos personales<\/li>\n<li style=\"padding-left: 30px\">Datos familiares<\/li>\n<li style=\"padding-left: 30px\">Datos acad\u00e9micos: presenta las peticiones de centro y estudio registradas, puede tener m\u00e1s de un estudio por centro, y datos adicionales referidos al acceso, situaci\u00f3n laboral, estudios y solicitudes en otros centros<\/li>\n<li style=\"padding-left: 30px\">Documentaci\u00f3n: presenta la documentaci\u00f3n aportada por un alumno en su solicitud y permite a\u00f1adir nueva documentaci\u00f3n a la solicitud, por ejemplo, la recibida por el centro durante la revisi\u00f3n y subsanaci\u00f3n de la solicitud.<\/li>\n<li style=\"padding-left: 30px\">Estado: permite al revisor de la solicitudes cambiar el estado de las mismas. Son v\u00e1lidos los siguientes estados:\n<ul>\n<li style=\"padding-left: 30px\">C : en Curso: Grab\u00e1ndose por el usuario o por el centro (recibi\u00f3 emails o correo postal con la solicitud), puede modificarla tanto el usuario desde sede electr\u00f3nica como el centro desde Albor\u00e1n Web.<\/li>\n<li style=\"padding-left: 30px\">F : Finalizada: Finalizada por el usuario, se supone que ha aportado todos los datos.<\/li>\n<li style=\"padding-left: 30px\">PR : Pendiente de Revisi\u00f3n: Finalizada y en estudio por el centro.<\/li>\n<li style=\"padding-left: 30px\">PS : Pendiente de Subsanaci\u00f3n: Necesita aportar datos que se recibir\u00e1n en el centro por email o correo ordinario.<\/li>\n<li style=\"padding-left: 30px\">S : Subsanada<\/li>\n<li style=\"padding-left: 30px\"><span style=\"color: #3366ff\"><strong>T : Terminada su revisi\u00f3n: Est\u00e1 lista para ser Admitida y despu\u00e9s Matriculada<\/strong><\/span><\/li>\n<li style=\"padding-left: 30px\">D : Denegada: La raz\u00f3n de la denegaci\u00f3n se le comunica al usuario por email o correo desde el centro .<\/li>\n<li style=\"padding-left: 30px\"><span style=\"color: #3366ff\"><strong>A : Admitida:<\/strong> <\/span>Admitida y pendiente de matriculaci\u00f3n. Solo podr\u00e1n pasar a admitidas las Terminadas.<\/li>\n<li style=\"padding-left: 30px\"><strong><span style=\"color: #3366ff\">M : Matriculado:<\/span><\/strong> Alumno matriculado en Albor\u00e1n. Esta solicitud ya no puede ser modificada. Solo podr\u00e1n pasar a Matriculadas las Admitidas.<\/li>\n<\/ul>\n<\/li>\n<li style=\"padding-left: 30px\">Motivos subs: esta pesta\u00f1a aparece cuando la solicitud esta en el estado \u00abPS : Pendiente de Subsanaci\u00f3n:\u00bb permite al revisor de la solicitudes indicar el motivo\u00a0hace que la solicitud deba\u00a0subsanarse. El solicitante\u00a0recibir\u00e1 comunicaci\u00f3n correspondiente\u00a0por email o correo desde el centro. En principio, en esta convocatoria de admisi\u00f3n, todos los procesos de subsanaci\u00f3n se han realizado a trav\u00e9s del aplicativo de sede electr\u00f3nica en el que se registraron las solicitudes, por lo que desde el centro no deber\u00eda realizarse ninguna intervenci\u00f3n en este apartado.<\/li>\n<\/ul>\n<h2 id=\"adjudicacion\">Adjudicaci\u00f3n de plaza<\/h2>\n<p>En este apartado aparecer\u00e1n todos los estudios de ciclos formativos ofertados por el centro. Si un estudio no apareciera dir\u00edjase al equipo de soporte.alboran mediante la correspondiente incidencia.<\/p>\n<p>La adjudicaci\u00f3n de plaza a las solicitudes se ha realizado externamente a Albor\u00e1n. Todas las solicitudes con plaza adjudicada <span style=\"color: #3366ff\"><strong>tienen el valor \u00abS\u00bb en la columna ADMI<\/strong><\/span>. Adem\u00e1s, si se edita un estudio en el apartado\u00a0<span style=\"color: #3366ff\">Men\u00fa:\u00a0Admisi\u00f3n alumnos &gt; Ciclos formativos &gt; Adjudicaci\u00f3n<\/span>, estas solicitudes con plaza adjudicada aparecer\u00e1n marcadas con un tic azul.<\/p>\n<p>Pulsando el icono [editar] de un estudio y curso concreto, aparecer\u00e1n\u00a0la relaci\u00f3n de solicitudes registradas en estado \u00ab<span style=\"color: #3366ff\"><strong>Terminada su revisi\u00f3n\u00bb<\/strong><\/span>.<\/p>\n<p>A partir de los documentos de listas definitivas de admitidos podr\u00e1 contrastarse que es correcto el volcado de datos en Albor\u00e1n. El secretario del centro podr\u00e1 revisar aquellas que tienen plaza adjudicada\u00a0(si se hacen cambios, es responsabilidad del centro educativo, y siempre lo ser\u00e1 ante cualquier acci\u00f3n de matriculaci\u00f3n no conforme con los listados definitivos).<\/p>\n<h2 id=\"matricualcion\">Matriculaci\u00f3n de las solicitudes<\/h2>\n<p><span style=\"color: #3366ff\">Men\u00fa:\u00a0Admisi\u00f3n alumnos &gt; Ciclos formativos &gt;\u00a0Matriculaci\u00f3n<\/span><\/p>\n<p>Para poder matricular las solicitudes de admisi\u00f3n <span style=\"color: #3366ff\"><strong>deber\u00e1n estar creados\u00a0los grupos\u00a0 de alumnos en el a\u00f1o escolar en el que se van a matricular<\/strong><\/span> para cada uno de los estudios, cursos, y turnos (distancia, diurno, vespertino).<\/p>\n<p>En este apartado s\u00f3lo aparecer\u00e1n las solicitudes que hayan sido revisadas y se les haya adjudicado el estado\u00a0<strong><span style=\"color: #3366ff\">Terminada de revisar, y en adjudicaci\u00f3n est\u00e9n seleccionadas (con plaza asignada)<\/span>.\u00a0<\/strong><\/p>\n<p>Es importante que se utilicen los campos de filtrado para hacer una selecci\u00f3n de las solicitudes por estudios.<\/p>\n<p>Para matricular una solicitud se pulsar\u00e1 en el bot\u00f3n editar [icono papel y l\u00e1piz amarillo] que abrir\u00e1 un formulario en el que se definir\u00e1 el n\u00famero de matr\u00edcula y se deber\u00e1 elegir el grupo de alumnos.<\/p>\n<p>El <strong><span style=\"color: #3366ff\">n\u00famero de matricula a asignar<\/span><\/strong> lo recupera autom\u00e1ticamente la aplicaci\u00f3n si el alumno tiene expediente en el centro. Para estudiantes sin expediente previo en el centro se puede elegir entre asignar un n\u00famero de matr\u00edcula autom\u00e1ticamente o definir el n\u00famero a asignar por el operador.<\/p>\n<p>La\u00a0matriculaci\u00f3n\u00a0actualmente solo asigna grupo de alumnos y estudios a la solicitud. La matriculaci\u00f3n en los m\u00f3dulos a cursar (materias) debe realizarse por el secretario del centro manualmente, ya sea editando una a una las matr\u00edculas implicadas o mediante la funcionalidad <span style=\"color: #3366ff\"><strong>Utilidades<\/strong> <strong>&gt;\u00a0<a style=\"color: #3366ff\" href=\"https:\/\/www.educacion.gob.es\/alboran\/ies\/centro\/opcionesCursoCf?actual=menu.ies.opcionesCursoCf\">Matricul. en Bloque CF<\/a><\/strong><\/span><\/p>\n<p>Una vez matriculada una solicitud en un estudio, quedar\u00e1 registrada como matriculada y ya no podr\u00e1 matricularse en otros estudios. <span style=\"color: #3366ff\"><strong>Por tanto, una solicitud (n\u00famero de solicitud) solo podr\u00e1 generar una matr\u00edcula.<\/strong><\/span><\/p>\n","protected":false},"excerpt":{"rendered":"<p>Contenido: Convocatorias Configuraci\u00f3n de la oferta de ense\u00f1anzas de FP Solicitudes presenciales Solicitudes a distancia Solicitudes con plaza asignada Editar una solicitud Adjudicaci\u00f3n Matriculaci\u00f3n de las solicitudes Convocatorias Las solicitudes se registrar\u00e1n en las convocatorias publicadas en la sede electr\u00f3nica&hellip;<\/p>\n<p class=\"more-link-p\"><a class=\"more-link\" target=\"blank\" href=\"https:\/\/blog.intef.es\/alboran\/2019\/07\/17\/ies-matricualcion-de-solicitudes-de-admision-de-ciclos-formativos-presencial-y-a-distancia\/\">Leer m\u00e1s &rarr;<\/a><\/p>\n","protected":false},"author":302,"featured_media":0,"comment_status":"open","ping_status":"open","sticky":false,"template":"","format":"standard","meta":{"footnotes":""},"categories":[66],"tags":[155,228,225,125,150,226,227,86,224],"_links":{"self":[{"href":"https:\/\/blog.intef.es\/alboran\/wp-json\/wp\/v2\/posts\/800"}],"collection":[{"href":"https:\/\/blog.intef.es\/alboran\/wp-json\/wp\/v2\/posts"}],"about":[{"href":"https:\/\/blog.intef.es\/alboran\/wp-json\/wp\/v2\/types\/post"}],"author":[{"embeddable":true,"href":"https:\/\/blog.intef.es\/alboran\/wp-json\/wp\/v2\/users\/302"}],"replies":[{"embeddable":true,"href":"https:\/\/blog.intef.es\/alboran\/wp-json\/wp\/v2\/comments?post=800"}],"version-history":[{"count":35,"href":"https:\/\/blog.intef.es\/alboran\/wp-json\/wp\/v2\/posts\/800\/revisions"}],"predecessor-version":[{"id":1980,"href":"https:\/\/blog.intef.es\/alboran\/wp-json\/wp\/v2\/posts\/800\/revisions\/1980"}],"wp:attachment":[{"href":"https:\/\/blog.intef.es\/alboran\/wp-json\/wp\/v2\/media?parent=800"}],"wp:term":[{"taxonomy":"category","embeddable":true,"href":"https:\/\/blog.intef.es\/alboran\/wp-json\/wp\/v2\/categories?post=800"},{"taxonomy":"post_tag","embeddable":true,"href":"https:\/\/blog.intef.es\/alboran\/wp-json\/wp\/v2\/tags?post=800"}],"curies":[{"name":"wp","href":"https:\/\/api.w.org\/{rel}","templated":true}]}}