{"id":815,"date":"2019-07-02T14:49:53","date_gmt":"2019-07-02T12:49:53","guid":{"rendered":"https:\/\/blog.intef.es\/alboran\/?p=815"},"modified":"2025-01-16T09:20:47","modified_gmt":"2025-01-16T08:20:47","slug":"ies-evaluaciones-y-decisiones-de-promocion-en-ciclos-formativos","status":"publish","type":"post","link":"https:\/\/blog.intef.es\/alboran\/2019\/07\/02\/ies-evaluaciones-y-decisiones-de-promocion-en-ciclos-formativos\/","title":{"rendered":"IES: Ciclos formativos: Evaluaciones y decisiones de promoci\u00f3n. Actas de evaluaci\u00f3n"},"content":{"rendered":"<p>Las evaluaciones en ciclos formativos tienen en segundo o \u00faltimo curso versiones distintas a otros estudios. Albor\u00e1n no tiene bien programadas las reglas de control para su supervisi\u00f3n, por lo que <span style=\"color: #3366ff;\"><strong>es responsabilidad de los gestores seguir las siguientes reglas para que las actas<\/strong><\/span> <span style=\"color: #3366ff;\"><strong>se generen bien a partir de las decisiones de promoci\u00f3n<\/strong><\/span>.<\/p>\n<p>Las actas para la 1\u00aa, 2\u00aa y 3\u00aa evaluaci\u00f3n se pueden generar sin que est\u00e9 registrada la decisi\u00f3n de promoci\u00f3n del alumno, pero <span style=\"color: #3366ff;\"><strong>para que se generen correctamente las actas finales, los alumnos de un grupo han de tener informada correctamente la decisi\u00f3n de promoci\u00f3n ordinaria y extraordinaria (si procede)<\/strong><\/span> tal como se indica m\u00e1s adelante.<\/p>\n<h2>Conceptos<\/h2>\n<ol>\n<li><span style=\"color: #3366ff;\"><strong>Calificaciones Finales: Ordinaria (primera convocatoria) y Extraordinaria (segunda convocatoria)<\/strong><\/span><\/li>\n<\/ol>\n<p>Registran las calificaciones del examen \u201cfinal de curso\u201d.\u00a0En una matr\u00edcula de un curso escolar, una materia o m\u00f3dulo profesional, tiene dos convocatorias de examen. El resultado del primer examen se registra siempre en la ordinaria y el del segundo examen (de recuperaci\u00f3n) en la extraordinaria.<\/p>\n<p><span style=\"color: #3366ff;\"><strong>Todo alumno activo en Albor\u00e1n, al finalizar el curso debe tener obligatoriamente registrada la nota de evaluaci\u00f3n final ordinaria y la decisi\u00f3n de promoci\u00f3n ordinaria<\/strong>.<\/span> La\u00a0<span style=\"color: #3366ff;\"><strong>calificaci\u00f3n final extraordinaria y la decisi\u00f3n de promoci\u00f3n extraordinaria<\/strong><\/span> solo se utilizar\u00e1 para aquellos casos en que la evaluaci\u00f3n ordinaria no sea positiva y no est\u00e9n obligados a acudir a la convocatoria extraordinaria. Es muy importante que los alumnos utilicen la <strong><span style=\"color: #3366ff;\">renuncia\u00a0(RE) a las convocatorias de examen, ya sean ordinarias o extraordinarias<\/span>,<\/strong>\u00a0en el plazo establecido para que no se encuentren en situaciones que les dificulten la posibilidad de concluir sus estudios.<\/p>\n<ol>\n<li><strong><span style=\"color: #3366ff;\">Registro de la decisi\u00f3n de promoci\u00f3n<\/span><\/strong><\/li>\n<\/ol>\n<p>El registro de la decisi\u00f3n sobre la promoci\u00f3n se considera necesario para dar por concluido un curso e implica que se ha reunido la junta de evaluaci\u00f3n correspondiente.<\/p>\n<p>Como caracteres para registrar la decisi\u00f3n de promoci\u00f3n deben utilizarse los indicados en este art\u00edculo y en especial no utilizar otros caracteres como el gui\u00f3n \u2018-\u2018 porque impiden que la aplicaci\u00f3n funcione bien.<\/p>\n<p style=\"padding-left: 30px;\">3.<strong><span style=\"color: #3366ff;\">Actas de evaluaci\u00f3n en FP<\/span><\/strong><\/p>\n<p style=\"padding-left: 30px;\">El acta es el documento que se presenta en la junta de evaluaci\u00f3n y que han de refrendar todos los profesores responsables de los m\u00f3dulos profesionales que cursan los alumnos del grupo que se eval\u00faa.<\/p>\n<p><strong>Acta final ordinaria se utiliza cuando el grupo de alumnos no va a titular.<\/strong><\/p>\n<p>Grupos de 1\u00ba que tienen que cursar segundo<\/p>\n<p>Grupos de 2\u00ba en marzo, que tienen que cursar la FCT y proyecto (se evaluar\u00e1n otra vez en junio.<\/p>\n<p><strong>Acta final extraordinaria se utiliza cuando el grupo de alumnos no va a titular.<\/strong><\/p>\n<p>Grupos de 1\u00ba para alumnos con m\u00f3dulos suspensos en la ordinaria, que tienen que cursar segundo<\/p>\n<p>Grupos de 2\u00ba en junio, que no fueron a la FCT, se evaluar\u00e1n en junio de los m\u00f3dulos pendientes.<\/p>\n<p><strong>Acta final de ciclo final ordinaria, para alumnos que van a titular<\/strong><\/p>\n<p>Grupos de 2\u00ba, en junio, o diciembre,<span style=\"color: #3366ff;\"><strong> para alumnos que han ido a FCT y Proyecto<\/strong><\/span> y alg\u00fan m\u00f3dulo pendiente. Si suspenden ir\u00e1n alg\u00fan m\u00f3dulo ir\u00e1n a la final de ciclo final extraordinaria.<\/p>\n<p><strong>Acta final de ciclo final extraordinaria, para alumnos que van a titular<\/strong><\/p>\n<p>Grupos de 2\u00ba, que en la convocatoria final de ciclo final ordinaria suspendieron alguno de los m\u00f3dulos (FCT, Proyecto y pendientes).<\/p>\n<p>Este acta se emplear\u00e1 para alumnos que hicieron FCT\/Proyecto en diciembre y la suspendieron y despu\u00e9s se les env\u00eda a convocatoria extraordinaria.<\/p>\n<p>La junta de evaluaci\u00f3n para esta convocatoria ser\u00e1 en abril o junio, en funci\u00f3n de lo que establezca el centro.<\/p>\n<p>Normalmente este acta solo se utiliza para alumnos que solo se matriculan de FCT y Proyecto y suspenden la primera convocatoria del curso escolar.<\/p>\n<p>Si un alumno en un curso escolar se matricula de FCT y Proyecto, su primera convocatoria de evaluaci\u00f3n ser\u00e1 en diciembre, la calificaci\u00f3n ser\u00e1 la final ordinaria, y el acta ser\u00e1 el Acta final de ciclo final ordinaria. Si ese alumno renuncia a la convocatoria extraordinaria ya no se le evaluar\u00e1 m\u00e1s veces en el curso escolar.<\/p>\n<p>Si al siguiente curso se matricula de nuevo en FCT y Proyecto , su primera convocatoria de evaluaci\u00f3n ser\u00e1 en diciembre, la calificaci\u00f3n ser\u00e1 la final ordinaria, y el acta ser\u00e1 el Acta final de ciclo final ordinaria. <strong>Si suspendiera el m\u00f3dulo de FCT habr\u00e1 agotado las dos convocatorias de examen que tiene. El resto de m\u00f3dulos tiene cuatro convocatorias y ex\u00e1menes por libre.<\/strong><\/p>\n<p><span style=\"color: #3366ff;\"><strong>IMPORTANTE: <\/strong><\/span><\/p>\n<ul>\n<li><span style=\"color: #3366ff;\"><strong>La presentaci\u00f3n de los m\u00f3dulos profesionales en las actas requiere que este definido el orden de cada\u00a0 modulo profesional en la configuraci\u00f3n del Plan de Estudios, siendo el n\u00famero de orden \u00fanico para cada m\u00f3dulo profesional del ciclo. Debe utilizarse un n\u00famero del 1 al 19 \u00fanico que ser\u00e1 \u00fanico cada m\u00f3dulo profesional<\/strong><\/span>.<\/li>\n<li><strong><span style=\"color: #3366ff;\">Para controlar mejor gesti\u00f3n de la evaluaci\u00f3n final de ciclo formativo, las actas de evaluaci\u00f3n final final de ciclo ordinaria y final extraordinaria solo incluir\u00e1n datos de aquellos alumnos que tengan registrado un valor en la decisi\u00f3n de promoci\u00f3n de la convocatoria.<\/span><\/strong><\/li>\n<\/ul>\n<h3>Primer curso de ciclos formativos<\/h3>\n<ul>\n<li>Evaluaci\u00f3n final ordinaria (junio): Se anotar\u00e1 en la decisi\u00f3n de promoci\u00f3n ordinaria:\n<ul>\n<li>S (s\u00ed),<\/li>\n<li>N (no promociona y no necesita ir a evaluaci\u00f3n extraordinaria por tener todos los m\u00f3dulos superados, por ejemplo en matr\u00edcula modular o en matr\u00edculas a distancia parciales) o<\/li>\n<li><strong><span style=\"color: #3366ff;\">E (a extraordinaria para acudir a la segunda convocatoria, el centro debe ofrecerla y el alumno debe renunciar si no quiere utilizarla)<\/span><\/strong>.<\/li>\n<\/ul>\n<\/li>\n<li>Evaluaci\u00f3n final extraordinaria (junio\/septiembre): Se anotar\u00e1 en la decisi\u00f3n de promoci\u00f3n extraordinaria:\n<ul>\n<li>S (s\u00ed),<\/li>\n<li>P (promociona con pendientes),<\/li>\n<li>N (no promociona) o<\/li>\n<li>R (repite).<\/li>\n<li>S como P indican que el alumno se matricular\u00e1 en el siguiente curso, y N y R indican que alumno debe repetir curso (con los m\u00f3dulos no superados).<\/li>\n<\/ul>\n<\/li>\n<\/ul>\n<h3>Cursos de especializaci\u00f3n, solo tienen primer curso<\/h3>\n<ul>\n<li>Evaluaci\u00f3n final ordinaria (junio): Se anotar\u00e1 en la decisi\u00f3n de promoci\u00f3n ordinaria:\n<ul>\n<li>S (s\u00ed),<\/li>\n<li>N (no promociona y no necesita ir a evaluaci\u00f3n extraordinaria por ejemplo en matr\u00edcula modular o en matr\u00edculas a distancia parciales) o<\/li>\n<li>E (a extraordinaria para optar a la segunda convocatoria,\u00a0<strong><span style=\"color: #3366ff;\">el centro debe ofrecerla y el alumno debe renunciar si no quiere utilizarla<\/span><\/strong>).<\/li>\n<\/ul>\n<\/li>\n<\/ul>\n<ul>\n<li>Evaluaci\u00f3n final extraordinaria (septiembre): Se anotar\u00e1 en la decisi\u00f3n de promoci\u00f3n extraordinaria:\n<ul>\n<li>S (s\u00ed),<\/li>\n<li>N (no promociona) o<\/li>\n<li>R (repite).<\/li>\n<\/ul>\n<\/li>\n<\/ul>\n<p style=\"padding-left: 30px;\">El acta de la evaluaci\u00f3n final se debe generar a trav\u00e9s del documento Evaluaci\u00f3n &gt; Listados &gt;\u00a0Acta de evaluaci\u00f3n de Ciclos Formativos, eligiendo evaluaci\u00f3n Final y Final de ciclo = S\u00ed.<\/p>\n<h3>\u00daltimo curso (2\u00ba, 3\u00ba, &#8230; seg\u00fan el caso) de ciclos formativos<\/h3>\n<ul>\n<li><strong>Evaluaci\u00f3n final ordinaria (aprox. marzo):<\/strong>\u00a0Se eval\u00faa a todos los alumnos, quedando pendiente de evaluar los m\u00f3dulos profesionales de FCT y de Proyecto (ciclos LOE-LOMCE), que se deben evaluar en la evaluaci\u00f3n de final de ciclo. Decisiones de promoci\u00f3n:\n<ul>\n<li>F, promociona a FCT<\/li>\n<li>T, promociona a FCT con m\u00f3dulos pendientes<\/li>\n<li>E (a extraordinaria con m\u00f3dulos pendientes, <strong><span style=\"color: #3366ff;\">el centro debe ofrecerla y el alumno debe renunciar si no quiere utilizarla<\/span><\/strong>) o<\/li>\n<li>N (no promociona \u00a0y no tiene materias suspensas para ir a convocatoria extraordinaria y tampoco condiciones para ir a\u00a0 FCT, ejemplo: alumnos que no se han matriculado de todos los m\u00f3dulos profesionales).<\/li>\n<\/ul>\n<\/li>\n<li><strong>Evaluaci\u00f3n final de ciclo formativo final ordinaria (aprox. junio):<\/strong>\u00a0Para alumnos que fueron a FCT y Proyecto (y alg\u00fan m\u00f3dulo pendiente) (F, T). Tanto las calificaciones como las decisiones de promoci\u00f3n se han de poner en la\u00a0promoci\u00f3n ordinaria, sobrescribiendo las decisiones registradas. La evaluaci\u00f3n extraordinaria ha de quedar vac\u00eda. Decisiones de promoci\u00f3n:\n<ul>\n<li>En el acta de junio, que es la \u00faltima del curso escolar\n<ul>\n<li>S (sustituye F o T), supera los estudios y obtiene el t\u00edtulo.<\/li>\n<li>N no promociona<\/li>\n<li>R (repite y no tiene posibilidades de acudir a convocatoria final final de ciclo extraordinaria, por ejemplo porque en el curso acad\u00e9mico no vaya a haber posibilidad de realizarla\/convocarla por parte del centro educativo)<\/li>\n<\/ul>\n<\/li>\n<li>En el acta de diciembre, primera convocatoria del curso escolar\n<ul>\n<li>S (sustituye F o T), supera los estudios y obtiene el t\u00edtulo.<\/li>\n<li>E (a extraordinaria con m\u00f3dulos pendientes,\u00a0<strong><span style=\"color: #3366ff;\">el centro debe ofrecerla y el alumno debe renunciar si no quiere utilizarla<\/span><\/strong>) o<\/li>\n<li>N (No promociona) en casos en que los alumnos no est\u00e9n obligados a ir a la segunda convocatoria (extraordinaria).<\/li>\n<\/ul>\n<\/li>\n<\/ul>\n<\/li>\n<\/ul>\n<p style=\"padding-left: 60px;\">El acta de la evaluaci\u00f3n final de ciclo se debe generar a trav\u00e9s del documento Evaluaci\u00f3n &gt; Listados &gt;\u00a0Acta de evaluaci\u00f3n de Ciclos Formativos, eligiendo evaluaci\u00f3n Final y Final de ciclo = S\u00ed.<\/p>\n<ul>\n<li><strong>Evaluaci\u00f3n final\u00a0extraordinaria (aprox. junio):<\/strong>\u00a0para alumnos con m\u00f3dulos pendientes que no fueron a FCT. Tanto las calificaciones como las decisiones de promoci\u00f3n se han de poner en columna\u00a0extraordinaria, sin modificar las calificaciones y decisi\u00f3n de promoci\u00f3n que quedaron registradas en la evaluaci\u00f3n ordinaria. Decisiones de promoci\u00f3n:\n<ul>\n<li>N o R, no supera los estudios y repetir\u00e1 con los m\u00f3dulos pendientes<\/li>\n<li>F, T, supera las condiciones para matricularse el pr\u00f3ximo a\u00f1o para cursar FCT, Proyecto y pendientes si tuviera.<\/li>\n<li><span style=\"color: #3366ff;\">S, s\u00ed titula, para alumnos que no necesitan realizar la FCT y tienen el proyecto fin de ciclo superado<\/span>.<\/li>\n<\/ul>\n<\/li>\n<\/ul>\n<ul>\n<li><strong>Evaluaci\u00f3n final de ciclo formativo final ordinaria <span style=\"color: #ff0000;\">(conv. de diciembre)<\/span>:<\/strong>\u00a0<strong><span style=\"color: #3366ff;\">Presenta la decisi\u00f3n de promoci\u00f3n y la nota media si titula<\/span><\/strong>. Suele utilizarse para alumnos que no fueron a, o no realizaron, el m\u00f3dulo profesional de FCT en la convocatoria final ordinaria (aprox. en marzo-junio) y que superaron los m\u00f3dulos pendientes en la evaluaci\u00f3n final extraordinaria (aprox. en junio). Se matricularon como repetidores en 2\u00ba curso (aprox. en julio)\u00a0 para realizar la FCT y el Proyecto (si lo tiene el ciclo). Las calificaciones obtenidas y la decisi\u00f3n de promoci\u00f3n se anotar\u00e1n en la convocatoria final ordinaria. Decisiones de promoci\u00f3n:\n<ul>\n<li>S, supera los estudios y obtiene el t\u00edtulo.<\/li>\n<li>F, o T, no supera los estudios y seguir\u00e1 estudiando los m\u00f3dulos pendientes de los que se volver\u00e1 a evaluar en junio (segunda covocatoria, evaluaci\u00f3n final extraordinaria final de ciclo).<\/li>\n<li>E (a extraordinaria con m\u00f3dulos pendientes,\u00a0<strong><span style=\"color: #3366ff;\">el centro debe ofrecerla y el alumno debe renunciar si no quiere utilizarla<\/span><\/strong>) o<\/li>\n<li>N (No promociona) en casos en que los alumnos no est\u00e9n obligados a ir a la segunda convocatoria (extraordinaria).<\/li>\n<\/ul>\n<\/li>\n<\/ul>\n<p style=\"padding-left: 60px;\">El acta de la evaluaci\u00f3n final, final de ciclo, se debe generar a trav\u00e9s del documento Evaluaci\u00f3n &gt; Listados &gt;\u00a0Acta de evaluaci\u00f3n de Ciclos Formativos, eligiendo evaluaci\u00f3n Final, convocatoria Ordinaria (si es la primera convocatoria de examen\/evaluaci\u00f3n de esa matr\u00edcula), y Final de ciclo = S\u00ed.<\/p>\n<ul>\n<li><strong>Evaluaci\u00f3n final de ciclo formativo final extraordinaria (conv. de junio):<\/strong>\u00a0<strong><span style=\"color: #3366ff;\">Presenta la decisi\u00f3n de promoci\u00f3n y la nota media si titula.\u00a0<\/span><\/strong>Suele utilizarse para alumnos que hicieron la FCT y Proyecto en el primer trimestre del a\u00f1o escolar, hicieron la evaluaci\u00f3n final ordinaria final de ciclo y no superaron los m\u00f3dulos profesionales a evaluar. Las calificaciones obtenidas y la decisi\u00f3n de promoci\u00f3n se anotar\u00e1 en la convocatoria final extraordinaria. Decisiones de promoci\u00f3n:\n<ul>\n<li>S, supera los estudios y obtiene el t\u00edtulo<\/li>\n<li>N o R, no supera los estudios. Repetir\u00e1 si le quedan convocatorias de examen de los m\u00f3dulos pendientes.<\/li>\n<\/ul>\n<\/li>\n<\/ul>\n<p style=\"padding-left: 60px;\">El acta de la evaluaci\u00f3n final de ciclo, se debe generar a trav\u00e9s del documento Evaluaci\u00f3n &gt; Listados &gt;\u00a0Acta de evaluaci\u00f3n de Ciclos Formativos, eligiendo evaluaci\u00f3n = Final y Final de ciclo = S\u00ed, convocatoria Ordinaria (si es la primera convocatoria de examen\/evaluaci\u00f3n de esa matr\u00edcula) Extrarordinaria (si es la segunda convocatoria de examen\/evaluaci\u00f3n de esa matr\u00edcula).<\/p>\n<h2>Alumnos de 2\u00ba curso de ciclos de tres a\u00f1os<\/h2>\n<p>En esta configuraci\u00f3n, normalmente el curso 3\u00ba est\u00e1 dedicado a hacer la FCT y el Proyecto.<\/p>\n<p>Los alumnos finalizar\u00e1n el curso y deber\u00e1n matricularse de nuevo para cursar 3\u00ba o para repetir segundo.<\/p>\n<ul>\n<li><strong>Evaluaci\u00f3n final ordinaria:<\/strong>\u00a0Se eval\u00faa a todos los alumnos. Calificaciones y decisiones de promoci\u00f3n en la columna ordinaria (nota):\n<ul>\n<li>S, promociona para matricularse en 3\u00ba<\/li>\n<li>T, promociona matricularse en 3\u00ba con m\u00f3dulos pendientes<\/li>\n<li>E o N, promociona a evaluaci\u00f3n extraordinaria.<\/li>\n<\/ul>\n<\/li>\n<li><strong>Evaluaci\u00f3n final\u00a0extraordinaria:<\/strong>\u00a0para alumnos con m\u00f3dulos pendientes en la evaluaci\u00f3n final. Tanto las calificaciones como las decisiones de promoci\u00f3n se han de poner en la evaluaci\u00f3n extraordinaria (recuperaci\u00f3n), sin modificar las calificaciones y decisi\u00f3n de promoci\u00f3n que quedaron registradas en la evaluaci\u00f3n ordinaria. Decisiones de promoci\u00f3n:\n<ul>\n<li>N o R, no supera los estudios y repetir\u00e1 con los m\u00f3dulos pendientes<\/li>\n<li>S, F o T, supera las condiciones para matricularse el pr\u00f3ximo a\u00f1o para cursar FCT, Proyecto y pendientes si tuviera<\/li>\n<\/ul>\n<\/li>\n<\/ul>\n<p>La siguiente imagen resume la secuencia de evaluaciones en un curso acad\u00e9mico para los distintos curso y opciones de matriculaci\u00f3n en m\u00f3dulos profesionales del ciclo.<\/p>\n<p><a href=\"https:\/\/blog.intef.es\/alboran\/wp-content\/uploads\/2019\/07\/Evaluaciones-en-Ciclos-Formativos-v01-1.png\"><img loading=\"lazy\" decoding=\"async\" class=\"alignnone wp-image-2021 size-full\" src=\"https:\/\/blog.intef.es\/alboran\/wp-content\/uploads\/2019\/07\/Evaluaciones-en-Ciclos-Formativos-v01-1.png\" alt=\"\" width=\"1280\" height=\"720\" srcset=\"https:\/\/blog.intef.es\/alboran\/wp-content\/uploads\/2019\/07\/Evaluaciones-en-Ciclos-Formativos-v01-1.png 1280w, https:\/\/blog.intef.es\/alboran\/wp-content\/uploads\/2019\/07\/Evaluaciones-en-Ciclos-Formativos-v01-1-300x169.png 300w, https:\/\/blog.intef.es\/alboran\/wp-content\/uploads\/2019\/07\/Evaluaciones-en-Ciclos-Formativos-v01-1-768x432.png 768w, https:\/\/blog.intef.es\/alboran\/wp-content\/uploads\/2019\/07\/Evaluaciones-en-Ciclos-Formativos-v01-1-1024x576.png 1024w\" sizes=\"(max-width: 1280px) 100vw, 1280px\" \/><\/a><\/p>\n<h2>Planes de estudios de m\u00e1s de 3 cursos<\/h2>\n<p>En las centros militares hay autorizados planes de estudios para impartir ciclos formativos de duraci\u00f3n de m\u00e1s de 3 a\u00f1os. En estos casos el \u00faltimo a\u00f1o ser\u00e1 el 4\u00ba o 5\u00ba seg\u00fan sea la configuraci\u00f3n del plan de estudios.<\/p>\n<h2>Convocatorias de examen<\/h2>\n<p>Actualmente est\u00e1n reguladas <span style=\"color: #3366ff;\"><strong>4 convocatorias<\/strong><\/span> de examen (entre ordinarias y extraordinarias) para los m\u00f3dulos profesionales y 2 para el m\u00f3dulo profesional de FCT. El m\u00f3dulo profesional Proyecto se evaluar\u00e1 una vez cursado el m\u00f3dulo profesional de FCT.<\/p>\n<p>Desde la aplicaci\u00f3n Albor\u00e1n no se controla el n\u00famero de convocatorias utilizadas por un alumno en el momento de su matr\u00edcula (debe realizarlo el gestor que utiliza la aplicaci\u00f3n), pero s\u00ed se hace el recuento de las mismas al generar los documentos de certificaci\u00f3n regulados por ley.<\/p>\n<p>Es muy importante que los alumnos utilicen la <strong><span style=\"color: #3366ff;\">REnuncia<\/span>\u00a0<\/strong>a las convocatorias de examen en el plazo establecido para que no se encuentren en situaciones que les dificulten la posibilidad de concluir sus estudios. Con car\u00e1cter excepcional, las Administraciones educativas podr\u00e1n establecer convocatorias extraordinarias para aquellas personas que hayan agotado las cuatro convocatorias por motivos de enfermedad o discapacidad u otros que condicionen o impidan el desarrollo ordinario de los estudios. Agotadas las convocatorias de examen habr\u00eda que acudir a la realizaci\u00f3n de pruebas libres\u00a0 para la obtenci\u00f3n del t\u00edtulo de formaci\u00f3n profesional.<\/p>\n","protected":false},"excerpt":{"rendered":"<p>Las evaluaciones en ciclos formativos tienen en segundo o \u00faltimo curso versiones distintas a otros estudios. Albor\u00e1n no tiene bien programadas las reglas de control para su supervisi\u00f3n, por lo que es responsabilidad de los gestores seguir las siguientes reglas&hellip;<\/p>\n<p class=\"more-link-p\"><a class=\"more-link\" target=\"blank\" href=\"https:\/\/blog.intef.es\/alboran\/2019\/07\/02\/ies-evaluaciones-y-decisiones-de-promocion-en-ciclos-formativos\/\">Leer m\u00e1s &rarr;<\/a><\/p>\n","protected":false},"author":302,"featured_media":0,"comment_status":"open","ping_status":"open","sticky":false,"template":"","format":"standard","meta":{"footnotes":""},"categories":[66],"tags":[277,225,125,96,276,275,237,97,99,98,95,101,127,51,102,100],"_links":{"self":[{"href":"https:\/\/blog.intef.es\/alboran\/wp-json\/wp\/v2\/posts\/815"}],"collection":[{"href":"https:\/\/blog.intef.es\/alboran\/wp-json\/wp\/v2\/posts"}],"about":[{"href":"https:\/\/blog.intef.es\/alboran\/wp-json\/wp\/v2\/types\/post"}],"author":[{"embeddable":true,"href":"https:\/\/blog.intef.es\/alboran\/wp-json\/wp\/v2\/users\/302"}],"replies":[{"embeddable":true,"href":"https:\/\/blog.intef.es\/alboran\/wp-json\/wp\/v2\/comments?post=815"}],"version-history":[{"count":45,"href":"https:\/\/blog.intef.es\/alboran\/wp-json\/wp\/v2\/posts\/815\/revisions"}],"predecessor-version":[{"id":2263,"href":"https:\/\/blog.intef.es\/alboran\/wp-json\/wp\/v2\/posts\/815\/revisions\/2263"}],"wp:attachment":[{"href":"https:\/\/blog.intef.es\/alboran\/wp-json\/wp\/v2\/media?parent=815"}],"wp:term":[{"taxonomy":"category","embeddable":true,"href":"https:\/\/blog.intef.es\/alboran\/wp-json\/wp\/v2\/categories?post=815"},{"taxonomy":"post_tag","embeddable":true,"href":"https:\/\/blog.intef.es\/alboran\/wp-json\/wp\/v2\/tags?post=815"}],"curies":[{"name":"wp","href":"https:\/\/api.w.org\/{rel}","templated":true}]}}