{"id":826,"date":"2019-07-04T14:55:03","date_gmt":"2019-07-04T12:55:03","guid":{"rendered":"https:\/\/blog.intef.es\/alboran\/?p=826"},"modified":"2020-12-01T14:13:14","modified_gmt":"2020-12-01T13:13:14","slug":"ies-grupos-de-alumnos-asignados-a-un-profesor","status":"publish","type":"post","link":"https:\/\/blog.intef.es\/alboran\/2019\/07\/04\/ies-grupos-de-alumnos-asignados-a-un-profesor\/","title":{"rendered":"IES: Materias y Grupos de alumnos asignados a un profesor\/ Horarios"},"content":{"rendered":"<p>Los grupos de alumnos que tiene asignados un profesor est\u00e1n relacionados con las actividades de docencia directa con grupos de alumnos de su horario.<\/p>\n<p>Albor\u00e1n, cuando se realiza el horario del profesor, o de un grupo, va a\u00f1adiendo los grupos de alumnos a cada profesor y la materia que imparte a cada grupo. Esta asociaci\u00f3n a veces no se realiza completamente, no sabiendo exactamente las causas de que haya profesores a los que\u00a0 Albor\u00e1n no les asocia correctamente los grupos y materias que imparte en el apartado <strong><span style=\"color: #3366ff\">Materias impartidas<\/span>.<\/strong>.<\/p>\n<p>Para corregir esta situaci\u00f3n, el secretario del centro, puede a\u00f1adir manualmente los grupos que falten a un profesore en<\/p>\n<p style=\"padding-left: 30px\"><span style=\"color: #3366ff\">Profesorado &gt; Profesor seleccionado &gt; Materias impartidas<\/span><\/p>\n<p style=\"padding-left: 60px\">cumplimentado los deplegables<\/p>\n<ul>\n<li style=\"padding-left: 90px\"><label for=\"materiaImpartidaProfesor_grupo\"><span class=\"label\">Grupo,\u00a0<\/span><\/label><\/li>\n<li style=\"padding-left: 90px\"><label for=\"materiaImpartidaProfesor_materia\"><span class=\"label\">Materia,\u00a0<\/span><\/label><\/li>\n<li style=\"padding-left: 90px\"><label for=\"materiaImpartidaProfesor_orden\"><span class=\"label\">Orden en Acta (opcional),\u00a0<\/span><\/label><\/li>\n<li style=\"padding-left: 90px\"><label for=\"materiaImpartidaProfesor_subgrupo\"><span class=\"label\">Subgrupo (desdobles): (opcional).<\/span><\/label><\/li>\n<\/ul>\n<p><span style=\"color: #3366ff\"><strong>Importante:\u00a0<\/strong><strong>Se ha perfeccionado el funcionamiento de la aplicaci\u00f3n para que solo puedan asignarse materias en las que haya alumnos matriculados o existan en el horario de un grupo de alumnos.<\/strong><\/span><\/p>\n<p>Desde soporte.albor\u00e1n puede hacerse actuaciones de correcci\u00f3n, pero siempre a petici\u00f3n del centro, v\u00eda su centro de asistencia.<\/p>\n<p>&nbsp;<\/p>\n","protected":false},"excerpt":{"rendered":"<p>Los grupos de alumnos que tiene asignados un profesor est\u00e1n relacionados con las actividades de docencia directa con grupos de alumnos de su horario. Albor\u00e1n, cuando se realiza el horario del profesor, o de un grupo, va a\u00f1adiendo los grupos&hellip;<\/p>\n<p class=\"more-link-p\"><a class=\"more-link\" target=\"blank\" href=\"https:\/\/blog.intef.es\/alboran\/2019\/07\/04\/ies-grupos-de-alumnos-asignados-a-un-profesor\/\">Leer m\u00e1s &rarr;<\/a><\/p>\n","protected":false},"author":302,"featured_media":0,"comment_status":"open","ping_status":"open","sticky":false,"template":"","format":"standard","meta":{"footnotes":""},"categories":[66],"tags":[181,34,170,182,184,179,183,180,50],"_links":{"self":[{"href":"https:\/\/blog.intef.es\/alboran\/wp-json\/wp\/v2\/posts\/826"}],"collection":[{"href":"https:\/\/blog.intef.es\/alboran\/wp-json\/wp\/v2\/posts"}],"about":[{"href":"https:\/\/blog.intef.es\/alboran\/wp-json\/wp\/v2\/types\/post"}],"author":[{"embeddable":true,"href":"https:\/\/blog.intef.es\/alboran\/wp-json\/wp\/v2\/users\/302"}],"replies":[{"embeddable":true,"href":"https:\/\/blog.intef.es\/alboran\/wp-json\/wp\/v2\/comments?post=826"}],"version-history":[{"count":6,"href":"https:\/\/blog.intef.es\/alboran\/wp-json\/wp\/v2\/posts\/826\/revisions"}],"predecessor-version":[{"id":1296,"href":"https:\/\/blog.intef.es\/alboran\/wp-json\/wp\/v2\/posts\/826\/revisions\/1296"}],"wp:attachment":[{"href":"https:\/\/blog.intef.es\/alboran\/wp-json\/wp\/v2\/media?parent=826"}],"wp:term":[{"taxonomy":"category","embeddable":true,"href":"https:\/\/blog.intef.es\/alboran\/wp-json\/wp\/v2\/categories?post=826"},{"taxonomy":"post_tag","embeddable":true,"href":"https:\/\/blog.intef.es\/alboran\/wp-json\/wp\/v2\/tags?post=826"}],"curies":[{"name":"wp","href":"https:\/\/api.w.org\/{rel}","templated":true}]}}