{"id":842,"date":"2019-09-10T12:32:02","date_gmt":"2019-09-10T10:32:02","guid":{"rendered":"https:\/\/blog.intef.es\/alboran\/?p=842"},"modified":"2024-03-07T13:04:05","modified_gmt":"2024-03-07T12:04:05","slug":"traslados-de-alumnos","status":"publish","type":"post","link":"https:\/\/blog.intef.es\/alboran\/2019\/09\/10\/traslados-de-alumnos\/","title":{"rendered":"CEIP: IES: Traslados de alumnos"},"content":{"rendered":"<h2>Matriculaci\u00f3n de alumnos nuevos una vez iniciado el curso, traslasdos de centro<\/h2>\n<p>Los alumnos nuevos que lleguen al centro deber\u00e1n ser matriculados de dos maneras posibles:<\/p>\n<ol>\n<li>En <strong><span style=\"color: #3366ff\">Alumnado &gt; Alumnos &gt; [A\u00f1adir]<\/span><\/strong> cumplimentado sus datos y la etapa y curso en que se matricula. En pasos posteriores se asignar\u00e1 grupo y se le matricular\u00e1 en las \u00e1reas que corresponda.<\/li>\n<li>Por<strong>\u00a0<span style=\"color: #3366ff\">traslado de centro<\/span><\/strong>, en este caso ser\u00e1 un responsable de escolarizaci\u00f3n de la direcci\u00f3n provincial el encargado de hacerlo:<\/li>\n<\/ol>\n<p style=\"padding-left: 90px\">Men\u00fa DP &gt; Consultas &gt; Alumnos<\/p>\n<blockquote>\n<p style=\"padding-left: 120px\">Alumnos primaria<\/p>\n<p style=\"padding-left: 120px\">Alumnos secundaria<\/p>\n<\/blockquote>\n<p style=\"padding-left: 180px\">Filtrar alumnos en centro origen &gt; EditarAlumno<\/p>\n<p style=\"padding-left: 90px\">Al editar los datos de un alumnos, en el submen\u00fa izquierdo aparecer\u00e1 la opci\u00f3n <span style=\"color: #3366ff\"><strong>Cambio de centro<\/strong><\/span>. Se elige el centro destino y al guardar se lanza un proceso autom\u00e1tico que trasladar\u00e1 el expediente acad\u00e9mico del alumno desde el centro origen al centro destino, trasladando datos acad\u00e9micos y manteniendo si es posible el n\u00famero de expediente\/matr\u00edcula en el centro origen.<\/p>\n<p style=\"padding-left: 90px\"><strong><span style=\"color: #3366ff\">Identificaci\u00f3n de expedientes en otros centros<\/span>:\u00a0<\/strong>la aplicaci\u00f3n Albor\u00e1n <strong><span style=\"color: #ff0000\">utiliza el DNI como identificador del alumno<\/span><\/strong> para buscar su expediente en otros centros donde haya cursado estudios. Por ello <span style=\"color: #ff0000\"><strong>es muy importante que antes de realizar un traslado se registre en el centro origen el DNI del alumno si se conoce<\/strong><\/span>, y que en el centro de destino, si existieran datos del alumno, tambi\u00e9n se registre el valor del DNI.<\/p>\n<p style=\"padding-left: 90px\"><strong><span style=\"color: #3366ff\">Muy importante:<\/span><\/strong><\/p>\n<p style=\"padding-left: 90px\"><strong><span style=\"color: #3366ff\">1.\u00a0 Antes de realizar el traslado, <span style=\"color: #ff0000\">el alumno debe estar activo en el centro origen<\/span> y no haber sido dado de alta en el centro destino, y <span style=\"color: #ff0000\">el traslado debe hacerlo inspecci\u00f3n educativa o un responsable de la direcci\u00f3n provincial<\/span> para que se puedan ejecutar todos los procedimientos asociados para trasladar el expediente del alumno.<\/span><\/strong><\/p>\n<p style=\"padding-left: 90px\"><span style=\"color: #3366ff\"><strong>2. Los alumnos que est\u00e9n en un programa de diversificaci\u00f3n curricular tienen dos matr\u00edculas y por tanto, hay que hacer el traslado doble, de la matr\u00edcula de ESO y de la de DIVERSIFICACI\u00d3N.<\/strong><\/span><\/p>\n","protected":false},"excerpt":{"rendered":"<p>Matriculaci\u00f3n de alumnos nuevos una vez iniciado el curso, traslasdos de centro Los alumnos nuevos que lleguen al centro deber\u00e1n ser matriculados de dos maneras posibles: En Alumnado &gt; Alumnos &gt; [A\u00f1adir] cumplimentado sus datos y la etapa y curso&hellip;<\/p>\n<p class=\"more-link-p\"><a class=\"more-link\" target=\"blank\" href=\"https:\/\/blog.intef.es\/alboran\/2019\/09\/10\/traslados-de-alumnos\/\">Leer m\u00e1s &rarr;<\/a><\/p>\n","protected":false},"author":302,"featured_media":0,"comment_status":"open","ping_status":"open","sticky":false,"template":"","format":"standard","meta":{"footnotes":""},"categories":[2,66],"tags":[332,331,333],"_links":{"self":[{"href":"https:\/\/blog.intef.es\/alboran\/wp-json\/wp\/v2\/posts\/842"}],"collection":[{"href":"https:\/\/blog.intef.es\/alboran\/wp-json\/wp\/v2\/posts"}],"about":[{"href":"https:\/\/blog.intef.es\/alboran\/wp-json\/wp\/v2\/types\/post"}],"author":[{"embeddable":true,"href":"https:\/\/blog.intef.es\/alboran\/wp-json\/wp\/v2\/users\/302"}],"replies":[{"embeddable":true,"href":"https:\/\/blog.intef.es\/alboran\/wp-json\/wp\/v2\/comments?post=842"}],"version-history":[{"count":11,"href":"https:\/\/blog.intef.es\/alboran\/wp-json\/wp\/v2\/posts\/842\/revisions"}],"predecessor-version":[{"id":2072,"href":"https:\/\/blog.intef.es\/alboran\/wp-json\/wp\/v2\/posts\/842\/revisions\/2072"}],"wp:attachment":[{"href":"https:\/\/blog.intef.es\/alboran\/wp-json\/wp\/v2\/media?parent=842"}],"wp:term":[{"taxonomy":"category","embeddable":true,"href":"https:\/\/blog.intef.es\/alboran\/wp-json\/wp\/v2\/categories?post=842"},{"taxonomy":"post_tag","embeddable":true,"href":"https:\/\/blog.intef.es\/alboran\/wp-json\/wp\/v2\/tags?post=842"}],"curies":[{"name":"wp","href":"https:\/\/api.w.org\/{rel}","templated":true}]}}