{"id":865,"date":"2019-10-03T15:43:26","date_gmt":"2019-10-03T13:43:26","guid":{"rendered":"https:\/\/blog.intef.es\/alboran\/?p=865"},"modified":"2023-12-19T10:57:01","modified_gmt":"2023-12-19T09:57:01","slug":"decision-de-promocion-en-todos-los-estudios-actas-evaluacion-final","status":"publish","type":"post","link":"https:\/\/blog.intef.es\/alboran\/2019\/10\/03\/decision-de-promocion-en-todos-los-estudios-actas-evaluacion-final\/","title":{"rendered":"Decisi\u00f3n de promoci\u00f3n en todos los estudios. Actas de evaluaci\u00f3n final."},"content":{"rendered":"<p>Todos los alumnos en situaci\u00f3n de activos, es decir, que no se hayan dado de baja o hayan sido trasladados de centro, al final del a\u00f1o acad\u00e9mico recibir\u00e1n una evaluaci\u00f3n sobre las materias de los estudios que han cursado y una\u00a0<span style=\"color: #3366ff\"><strong>decis\u00f3n sobre su promoci\u00f3n<\/strong><\/span>, es decir, si puede continuar con el siguiente curso de esos estudios, o si es el \u00faltimo curso de unos estudios si los han concluido y tienen derecho a titulaci\u00f3n.<\/p>\n<p>Para anotar esta decisi\u00f3n correctamente en Albor\u00e1n, debe utilizarse la letra <span style=\"color: #3366ff\"><strong>S<\/strong><\/span> cuando <span style=\"color: #3366ff\"><strong>s\u00ed<\/strong><\/span> promocionan.<\/p>\n<p>Para los alumnos que <strong><span style=\"color: #3366ff\">no promocionan<\/span><\/strong> deber\u00eda <strong><span style=\"color: #3366ff\">dejarse preferentemente en blanco<\/span><\/strong> dicha casilla o anotarse una<strong><span style=\"color: #3366ff\"> N<\/span><\/strong>. <span style=\"color: #ff0000\"><strong>No utilizar otros caracteres como el gui\u00f3n &#8216;-&#8216; porque impiden que la aplicaci\u00f3n funcione bien<\/strong><\/span>.<\/p>\n<p>Esta decisi\u00f3n debe tomarse en la evaluaci\u00f3n final ordinaria y en la extraordinaria cuando en la ordinaria se dej\u00f3 en blanco o con una N.<\/p>\n<p>En el caso de las ense\u00f1anzas de ciclos formativos debe consultarse el art\u00edculo\u00a0<span style=\"color: #3366ff\"><strong><a style=\"color: #3366ff\" href=\"https:\/\/blog.intef.es\/alboran\/2019\/07\/02\/ies-evaluaciones-y-decisiones-de-promocion-en-ciclos-formativos\/\" target=\"_blank\">IES: Evaluaciones y decisiones de promoci\u00f3n en ciclos formativos<\/a><\/strong>.<\/span><\/p>\n<p>Albor\u00e1n <strong><span style=\"color: #3366ff\">una vez anotada la decisi\u00f3n de promoci\u00f3n a S realiza autom\u00e1ticamente el c\u00e1lculo de la nota media, siempre que antes no existiera un valor registrado<\/span><\/strong>.<\/p>\n<p>Si la nota media no se considera correcta por situaciones que no son gestionadas en la aplicaci\u00f3n, esta <strong><span style=\"color: #3366ff\">nota media puede registrarse\/modificarse manualmente<\/span><\/strong>. Este ser\u00eda tambi\u00e9n el caso de que se cambien calificaciones en materias despu\u00e9s de haber registrado la decisi\u00f3n de promoci\u00f3n. Aunque lo recomendable ser\u00eda borrar la nota media y guardar, para que la aplicaci\u00f3n la recalcule autom\u00e1ticamente.<\/p>\n<p>Tambi\u00e9n es posible que se necesite <span style=\"color: #3366ff\"><strong>borrar la nota media<\/strong><\/span> , por ejemplo en el caso de que se haya registrado primero una decisi\u00f3n S (la aplicaci\u00f3n calcula la media) y despu\u00e9s una <strong><span style=\"color: #3366ff\">decisi\u00f3n de N<\/span><\/strong> (albor\u00e1n no borra la media). En este caso, basta con que el operador borre las notas medias registradas y pulse el bot\u00f3n guardar.<\/p>\n<h2>Actas de evaluaci\u00f3n final ordinaria y extraordinaria<\/h2>\n<p>Las actas de evaluaci\u00f3n final recogen los resultados de un grupo de alumnos cuando ha concluido el curso escolar y la junta de evaluaci\u00f3n ha tomado la decisi\u00f3n de promoci\u00f3n correspondiente, ordinaria o extraordinaria seg\u00fan corresponda..<\/p>\n<p>Por ello, <span style=\"color: #3366ff\"><strong>es necesario que todos los alumnos a incluir en el acta tengan registrada la decisi\u00f3n de promoci\u00f3n correspondiente<\/strong><\/span>.<\/p>\n<p>&nbsp;<\/p>\n","protected":false},"excerpt":{"rendered":"<p>Todos los alumnos en situaci\u00f3n de activos, es decir, que no se hayan dado de baja o hayan sido trasladados de centro, al final del a\u00f1o acad\u00e9mico recibir\u00e1n una evaluaci\u00f3n sobre las materias de los estudios que han cursado y&hellip;<\/p>\n<p class=\"more-link-p\"><a class=\"more-link\" target=\"blank\" href=\"https:\/\/blog.intef.es\/alboran\/2019\/10\/03\/decision-de-promocion-en-todos-los-estudios-actas-evaluacion-final\/\">Leer m\u00e1s &rarr;<\/a><\/p>\n","protected":false},"author":302,"featured_media":0,"comment_status":"open","ping_status":"open","sticky":false,"template":"","format":"standard","meta":{"footnotes":""},"categories":[66],"tags":[328,214,213,83,80,51,53],"_links":{"self":[{"href":"https:\/\/blog.intef.es\/alboran\/wp-json\/wp\/v2\/posts\/865"}],"collection":[{"href":"https:\/\/blog.intef.es\/alboran\/wp-json\/wp\/v2\/posts"}],"about":[{"href":"https:\/\/blog.intef.es\/alboran\/wp-json\/wp\/v2\/types\/post"}],"author":[{"embeddable":true,"href":"https:\/\/blog.intef.es\/alboran\/wp-json\/wp\/v2\/users\/302"}],"replies":[{"embeddable":true,"href":"https:\/\/blog.intef.es\/alboran\/wp-json\/wp\/v2\/comments?post=865"}],"version-history":[{"count":11,"href":"https:\/\/blog.intef.es\/alboran\/wp-json\/wp\/v2\/posts\/865\/revisions"}],"predecessor-version":[{"id":2024,"href":"https:\/\/blog.intef.es\/alboran\/wp-json\/wp\/v2\/posts\/865\/revisions\/2024"}],"wp:attachment":[{"href":"https:\/\/blog.intef.es\/alboran\/wp-json\/wp\/v2\/media?parent=865"}],"wp:term":[{"taxonomy":"category","embeddable":true,"href":"https:\/\/blog.intef.es\/alboran\/wp-json\/wp\/v2\/categories?post=865"},{"taxonomy":"post_tag","embeddable":true,"href":"https:\/\/blog.intef.es\/alboran\/wp-json\/wp\/v2\/tags?post=865"}],"curies":[{"name":"wp","href":"https:\/\/api.w.org\/{rel}","templated":true}]}}