{"id":87,"date":"2016-07-14T11:56:34","date_gmt":"2016-07-14T11:56:34","guid":{"rendered":"http:\/\/pruebas-1.pntic.mec.es\/multiblog\/alboran\/?p=87"},"modified":"2017-11-24T12:56:17","modified_gmt":"2017-11-24T12:56:17","slug":"alumno-doble-matriculacion-como-solucionar-el-problema","status":"publish","type":"post","link":"https:\/\/blog.intef.es\/alboran\/2016\/07\/14\/alumno-doble-matriculacion-como-solucionar-el-problema\/","title":{"rendered":"Alumno doble matriculaci\u00f3n: C\u00f3mo solucionar el problema"},"content":{"rendered":"<p>El alumno afectado es: alumno 2&#8230;&#8230; \u00a0&#8211; \u00a0Sa&#8230;..<\/p>\n<ul>\n<li>Lo buscamos mediante la opci\u00f3n alumnado alumnos:<\/li>\n<\/ul>\n<p><img loading=\"lazy\" decoding=\"async\" class=\"alignnone size-large wp-image-99\" src=\"http:\/\/pruebas-1.pntic.mec.es\/multiblog\/alboran\/wp-content\/uploads\/sites\/20\/2016\/07\/1.1-2-1024x437.png\" alt=\"1.1\" width=\"1024\" height=\"437\" \/><\/p>\n<p>&nbsp;<\/p>\n<ul>\n<li>Seleccionamos al alumno y nos vamos a matr\u00edcula:<\/li>\n<\/ul>\n<p>&nbsp;<\/p>\n<p><img loading=\"lazy\" decoding=\"async\" class=\"alignnone size-large wp-image-89\" src=\"http:\/\/pruebas-1.pntic.mec.es\/multiblog\/alboran\/wp-content\/uploads\/sites\/20\/2016\/07\/2.1-1024x327.png\" alt=\"2.1\" width=\"1024\" height=\"327\" \/><\/p>\n<p>&nbsp;<\/p>\n<ul>\n<li>Seleccionamos la matr\u00edcula del 2015:<\/li>\n<\/ul>\n<p>&nbsp;<\/p>\n<p><img loading=\"lazy\" decoding=\"async\" class=\"alignnone size-large wp-image-90\" src=\"http:\/\/pruebas-1.pntic.mec.es\/multiblog\/alboran\/wp-content\/uploads\/sites\/20\/2016\/07\/3.1-1024x893.png\" alt=\"3.1\" width=\"1024\" height=\"893\" \/><\/p>\n<p>&nbsp;<\/p>\n<ul>\n<li>Aqu\u00ed se puede ver el problema mencionado. Deben <strong>borrarse las notas<\/strong> de las materias que no curs\u00f3 y eliminarlas pulsando el icono correspondiente.<\/li>\n<\/ul>\n<p>&nbsp;<\/p>\n<p><img loading=\"lazy\" decoding=\"async\" class=\"alignnone size-full wp-image-96\" src=\"http:\/\/pruebas-1.pntic.mec.es\/multiblog\/alboran\/wp-content\/uploads\/sites\/20\/2016\/07\/4.1.png\" alt=\"4.1\" width=\"920\" height=\"360\" \/><\/p>\n<p>&nbsp;<\/p>\n<ul>\n<li>Una vez hecho esto se generar\u00e1 el bolet\u00edn del alumno y de su grupo de forma correcta.<\/li>\n<\/ul>\n","protected":false},"excerpt":{"rendered":"<p>El alumno afectado es: alumno 2&#8230;&#8230; \u00a0&#8211; \u00a0Sa&#8230;.. Lo buscamos mediante la opci\u00f3n alumnado alumnos: &nbsp; Seleccionamos al alumno y nos vamos a matr\u00edcula: &nbsp; &nbsp; Seleccionamos la matr\u00edcula del 2015: &nbsp; &nbsp; Aqu\u00ed se puede ver el problema mencionado.&hellip;<\/p>\n<p class=\"more-link-p\"><a class=\"more-link\" target=\"blank\" href=\"https:\/\/blog.intef.es\/alboran\/2016\/07\/14\/alumno-doble-matriculacion-como-solucionar-el-problema\/\">Leer m\u00e1s &rarr;<\/a><\/p>\n","protected":false},"author":6,"featured_media":0,"comment_status":"closed","ping_status":"open","sticky":false,"template":"","format":"standard","meta":{"footnotes":""},"categories":[66],"tags":[12,25,42,53],"_links":{"self":[{"href":"https:\/\/blog.intef.es\/alboran\/wp-json\/wp\/v2\/posts\/87"}],"collection":[{"href":"https:\/\/blog.intef.es\/alboran\/wp-json\/wp\/v2\/posts"}],"about":[{"href":"https:\/\/blog.intef.es\/alboran\/wp-json\/wp\/v2\/types\/post"}],"author":[{"embeddable":true,"href":"https:\/\/blog.intef.es\/alboran\/wp-json\/wp\/v2\/users\/6"}],"replies":[{"embeddable":true,"href":"https:\/\/blog.intef.es\/alboran\/wp-json\/wp\/v2\/comments?post=87"}],"version-history":[{"count":1,"href":"https:\/\/blog.intef.es\/alboran\/wp-json\/wp\/v2\/posts\/87\/revisions"}],"predecessor-version":[{"id":521,"href":"https:\/\/blog.intef.es\/alboran\/wp-json\/wp\/v2\/posts\/87\/revisions\/521"}],"wp:attachment":[{"href":"https:\/\/blog.intef.es\/alboran\/wp-json\/wp\/v2\/media?parent=87"}],"wp:term":[{"taxonomy":"category","embeddable":true,"href":"https:\/\/blog.intef.es\/alboran\/wp-json\/wp\/v2\/categories?post=87"},{"taxonomy":"post_tag","embeddable":true,"href":"https:\/\/blog.intef.es\/alboran\/wp-json\/wp\/v2\/tags?post=87"}],"curies":[{"name":"wp","href":"https:\/\/api.w.org\/{rel}","templated":true}]}}