{"id":882,"date":"2019-11-12T10:15:25","date_gmt":"2019-11-12T09:15:25","guid":{"rendered":"https:\/\/blog.intef.es\/alboran\/?p=882"},"modified":"2019-11-26T11:05:50","modified_gmt":"2019-11-26T10:05:50","slug":"ies-consulta-de-materias-matriculadas-y-califiaciones-de-los-alumnos-de-un-grupo","status":"publish","type":"post","link":"https:\/\/blog.intef.es\/alboran\/2019\/11\/12\/ies-consulta-de-materias-matriculadas-y-califiaciones-de-los-alumnos-de-un-grupo\/","title":{"rendered":"IES: Consulta de materias matriculadas y califiaciones de los alumnos de un grupo"},"content":{"rendered":"<p>Para los centros de secundaria, se han incluido en el apartado Utilidades &gt; Consultas &gt; Comunes las consultas<\/p>\n<ul>\n<li>ALUMMATGREV: Alumnos materias por grupo y evaluaci\u00f3n, en vertical<\/li>\n<li>ALUMNATGREVh:\u00a0Alumnos materias por grupo y evaluaci\u00f3n, en horizonal<\/li>\n<li>ALUMNATGREVTh:\u00a0Alumnos materias por grupo y evaluaci\u00f3n, en horizonal, para profesores tutores (visible desde el rol profesor)\n<ul>\n<li>Devuelve el listado de alumnos de un grupo y todas las materias en las que est\u00e1n matriculados, incluidas las materias pendientes, y para cada materia la calificaci\u00f3n en la evaluaci\u00f3n filtrada.<\/li>\n<\/ul>\n<\/li>\n<li>ALUMMATGREVPEN: Alumnos materias pendientes por grupo y evaluaci\u00f3n, en vertical<\/li>\n<li>ALUMMATGREVPENTUT: Alumnos materias pendientes por grupo y evaluaci\u00f3n,\u00a0en horizonal, para profesores tutores (visible desde el rol profesor)\n<ul>\n<li>Devuelve el listado de alumnos de un grupo y todas las materias pendientes en las que est\u00e1n matriculados, incluidas las pendientes, y para cada materia la calificaci\u00f3n en la evaluaci\u00f3n filtrada.<\/li>\n<\/ul>\n<\/li>\n<\/ul>\n<p>Estas consultas est\u00e1n disponibles para el rol secretario y para el rol profesor, pudiendo los profesores acceder \u00fanicamente a los grupos de los que son tutores.<\/p>\n<p>&nbsp;<\/p>\n<p>&nbsp;<\/p>\n","protected":false},"excerpt":{"rendered":"<p>Para los centros de secundaria, se han incluido en el apartado Utilidades &gt; Consultas &gt; Comunes las consultas ALUMMATGREV: Alumnos materias por grupo y evaluaci\u00f3n, en vertical ALUMNATGREVh:\u00a0Alumnos materias por grupo y evaluaci\u00f3n, en horizonal ALUMNATGREVTh:\u00a0Alumnos materias por grupo y&hellip;<\/p>\n<p class=\"more-link-p\"><a class=\"more-link\" target=\"blank\" href=\"https:\/\/blog.intef.es\/alboran\/2019\/11\/12\/ies-consulta-de-materias-matriculadas-y-califiaciones-de-los-alumnos-de-un-grupo\/\">Leer m\u00e1s &rarr;<\/a><\/p>\n","protected":false},"author":302,"featured_media":0,"comment_status":"open","ping_status":"open","sticky":false,"template":"","format":"standard","meta":{"footnotes":""},"categories":[2,66],"tags":[],"_links":{"self":[{"href":"https:\/\/blog.intef.es\/alboran\/wp-json\/wp\/v2\/posts\/882"}],"collection":[{"href":"https:\/\/blog.intef.es\/alboran\/wp-json\/wp\/v2\/posts"}],"about":[{"href":"https:\/\/blog.intef.es\/alboran\/wp-json\/wp\/v2\/types\/post"}],"author":[{"embeddable":true,"href":"https:\/\/blog.intef.es\/alboran\/wp-json\/wp\/v2\/users\/302"}],"replies":[{"embeddable":true,"href":"https:\/\/blog.intef.es\/alboran\/wp-json\/wp\/v2\/comments?post=882"}],"version-history":[{"count":4,"href":"https:\/\/blog.intef.es\/alboran\/wp-json\/wp\/v2\/posts\/882\/revisions"}],"predecessor-version":[{"id":902,"href":"https:\/\/blog.intef.es\/alboran\/wp-json\/wp\/v2\/posts\/882\/revisions\/902"}],"wp:attachment":[{"href":"https:\/\/blog.intef.es\/alboran\/wp-json\/wp\/v2\/media?parent=882"}],"wp:term":[{"taxonomy":"category","embeddable":true,"href":"https:\/\/blog.intef.es\/alboran\/wp-json\/wp\/v2\/categories?post=882"},{"taxonomy":"post_tag","embeddable":true,"href":"https:\/\/blog.intef.es\/alboran\/wp-json\/wp\/v2\/tags?post=882"}],"curies":[{"name":"wp","href":"https:\/\/api.w.org\/{rel}","templated":true}]}}