{"id":886,"date":"2019-11-15T11:28:16","date_gmt":"2019-11-15T10:28:16","guid":{"rendered":"https:\/\/blog.intef.es\/alboran\/?p=886"},"modified":"2019-11-22T14:06:53","modified_gmt":"2019-11-22T13:06:53","slug":"eoi-carga-de-datos-de-alumnos-y-profesores","status":"publish","type":"post","link":"https:\/\/blog.intef.es\/alboran\/2019\/11\/15\/eoi-carga-de-datos-de-alumnos-y-profesores\/","title":{"rendered":"EOI: Carga de datos de alumnos y profesores"},"content":{"rendered":"<p>Actualmente en la aplicaci\u00f3n Albor\u00e1n\u00a0las Escuelas Oficiales de Idiomas\u00a0s\u00f3lo tienen habilitada una estructura para cargar datos de alumnos y profesores con el objetivo de que una vez cargados puedan ser consultados por los responsables de la organizaci\u00f3n a la que pertenece el centro (Direcci\u00f3n Provincia, Inspecci\u00f3n, \u2026).<\/p>\n<p>En el siguiente documento\u00a0se explica c\u00f3mo realizar la carga de estos datos y la consulta posterior de los mismos.<\/p>\n<p><a href=\"https:\/\/blog.intef.es\/alboran\/wp-content\/uploads\/2019\/11\/EOI-Carga-alumnos-y-profesores-vf.pdf\" target=\"_blank\">EOI Carga alumnos y profesores vf.pdf<\/a><\/p>\n","protected":false},"excerpt":{"rendered":"<p>Actualmente en la aplicaci\u00f3n Albor\u00e1n\u00a0las Escuelas Oficiales de Idiomas\u00a0s\u00f3lo tienen habilitada una estructura para cargar datos de alumnos y profesores con el objetivo de que una vez cargados puedan ser consultados por los responsables de la organizaci\u00f3n a la que&hellip;<\/p>\n<p class=\"more-link-p\"><a class=\"more-link\" target=\"blank\" href=\"https:\/\/blog.intef.es\/alboran\/2019\/11\/15\/eoi-carga-de-datos-de-alumnos-y-profesores\/\">Leer m\u00e1s &rarr;<\/a><\/p>\n","protected":false},"author":302,"featured_media":0,"comment_status":"open","ping_status":"open","sticky":false,"template":"","format":"standard","meta":{"footnotes":""},"categories":[66],"tags":[104,105,103],"_links":{"self":[{"href":"https:\/\/blog.intef.es\/alboran\/wp-json\/wp\/v2\/posts\/886"}],"collection":[{"href":"https:\/\/blog.intef.es\/alboran\/wp-json\/wp\/v2\/posts"}],"about":[{"href":"https:\/\/blog.intef.es\/alboran\/wp-json\/wp\/v2\/types\/post"}],"author":[{"embeddable":true,"href":"https:\/\/blog.intef.es\/alboran\/wp-json\/wp\/v2\/users\/302"}],"replies":[{"embeddable":true,"href":"https:\/\/blog.intef.es\/alboran\/wp-json\/wp\/v2\/comments?post=886"}],"version-history":[{"count":2,"href":"https:\/\/blog.intef.es\/alboran\/wp-json\/wp\/v2\/posts\/886\/revisions"}],"predecessor-version":[{"id":889,"href":"https:\/\/blog.intef.es\/alboran\/wp-json\/wp\/v2\/posts\/886\/revisions\/889"}],"wp:attachment":[{"href":"https:\/\/blog.intef.es\/alboran\/wp-json\/wp\/v2\/media?parent=886"}],"wp:term":[{"taxonomy":"category","embeddable":true,"href":"https:\/\/blog.intef.es\/alboran\/wp-json\/wp\/v2\/categories?post=886"},{"taxonomy":"post_tag","embeddable":true,"href":"https:\/\/blog.intef.es\/alboran\/wp-json\/wp\/v2\/tags?post=886"}],"curies":[{"name":"wp","href":"https:\/\/api.w.org\/{rel}","templated":true}]}}