{"id":907,"date":"2019-11-25T09:36:41","date_gmt":"2019-11-25T08:36:41","guid":{"rendered":"https:\/\/blog.intef.es\/alboran\/?p=907"},"modified":"2019-11-25T09:36:41","modified_gmt":"2019-11-25T08:36:41","slug":"ies-pmar-matriculacion-de-alumnos-de-4-eso-que-tienen-pendientes-de-3-de-pmar","status":"publish","type":"post","link":"https:\/\/blog.intef.es\/alboran\/2019\/11\/25\/ies-pmar-matriculacion-de-alumnos-de-4-eso-que-tienen-pendientes-de-3-de-pmar\/","title":{"rendered":"IES: PMAR: Matriculaci\u00f3n de alumnos de 4 ESO que tienen pendientes de 3 de PMAR"},"content":{"rendered":"<p>Actualmente en Albor\u00e1n los planes de estudios de Educaci\u00f3n Secundaria Obligatoria (ESO*) y los estudios del Programa de Mejora del Aprendizaje (PMAR- DIV*) no est\u00e1n integrados, por lo que los alumnos de PMAR debe matricularse doblemente para cursar sus estudios. Adem\u00e1s los cursos 1 y 2 de PMAR equivalen a 2\u00ba y 3\u00ba de DIV*, que son los que se utilizan en la aplicaci\u00f3n.<\/p>\n<p>Los alumnos de 1\u00ba de PMAR se matriculan en 2\u00ba ESO* y en 2\u00ba DIV*, y<\/p>\n<p>los alumnos de 2\u00ba de PMAR se matriculan en 3\u00ba ESO* y en 3\u00ba DIV*.<\/p>\n<p>Cuando un alumno de 3 ESO* que cursa PMAR promociona a 4\u00ba de la ESO* con\u00a0\u00e1mbitos pendientes de 2\u00ba de PMAR, la aplicaci\u00f3n Albor\u00e1n no pueden incorporarle los \u00e1mbitos como pendientes de 4\u00ba ESO porque esos \u00e1mbitos no est\u00e1n incorporados en el plan de estudios.<\/p>\n<p>La soluci\u00f3n transitoria que se est\u00e1 aplicando para la <span style=\"color: #3366ff\"><strong>matriculaci\u00f3n en 4\u00ba de la ESO* con\u00a0\u00e1mbitos\u00a0pendientes de 2\u00ba de PMAR<\/strong><\/span> es:<\/p>\n<ol>\n<li>Matricular a los alumnos en 4\u00ba ESO*.<\/li>\n<li>Crear un grupo llamado 4PMAR que se corresponda internamente con estudios de 3\u00ba DIV* (2\u00ba de PMAR).<\/li>\n<li>En este grupo matricular a los alumnos con \u00e1mbitos pendientes de\u00a03\u00ba DIV* (2\u00ba de PMAR).<\/li>\n<\/ol>\n<p>Esta soluci\u00f3n tiene como inconvenientes que a\u00f1ade un grupo m\u00e1s de alumnos al centro, que no ser\u00e1 un grupo real de alumnos, por lo que debe descontarse de los cupos.<\/p>\n","protected":false},"excerpt":{"rendered":"<p>Actualmente en Albor\u00e1n los planes de estudios de Educaci\u00f3n Secundaria Obligatoria (ESO*) y los estudios del Programa de Mejora del Aprendizaje (PMAR- DIV*) no est\u00e1n integrados, por lo que los alumnos de PMAR debe matricularse doblemente para cursar sus estudios.&hellip;<\/p>\n<p class=\"more-link-p\"><a class=\"more-link\" target=\"blank\" href=\"https:\/\/blog.intef.es\/alboran\/2019\/11\/25\/ies-pmar-matriculacion-de-alumnos-de-4-eso-que-tienen-pendientes-de-3-de-pmar\/\">Leer m\u00e1s &rarr;<\/a><\/p>\n","protected":false},"author":302,"featured_media":0,"comment_status":"open","ping_status":"open","sticky":false,"template":"","format":"standard","meta":{"footnotes":""},"categories":[66],"tags":[108,84,109],"_links":{"self":[{"href":"https:\/\/blog.intef.es\/alboran\/wp-json\/wp\/v2\/posts\/907"}],"collection":[{"href":"https:\/\/blog.intef.es\/alboran\/wp-json\/wp\/v2\/posts"}],"about":[{"href":"https:\/\/blog.intef.es\/alboran\/wp-json\/wp\/v2\/types\/post"}],"author":[{"embeddable":true,"href":"https:\/\/blog.intef.es\/alboran\/wp-json\/wp\/v2\/users\/302"}],"replies":[{"embeddable":true,"href":"https:\/\/blog.intef.es\/alboran\/wp-json\/wp\/v2\/comments?post=907"}],"version-history":[{"count":1,"href":"https:\/\/blog.intef.es\/alboran\/wp-json\/wp\/v2\/posts\/907\/revisions"}],"predecessor-version":[{"id":908,"href":"https:\/\/blog.intef.es\/alboran\/wp-json\/wp\/v2\/posts\/907\/revisions\/908"}],"wp:attachment":[{"href":"https:\/\/blog.intef.es\/alboran\/wp-json\/wp\/v2\/media?parent=907"}],"wp:term":[{"taxonomy":"category","embeddable":true,"href":"https:\/\/blog.intef.es\/alboran\/wp-json\/wp\/v2\/categories?post=907"},{"taxonomy":"post_tag","embeddable":true,"href":"https:\/\/blog.intef.es\/alboran\/wp-json\/wp\/v2\/tags?post=907"}],"curies":[{"name":"wp","href":"https:\/\/api.w.org\/{rel}","templated":true}]}}